{"id":66504,"date":"2026-01-12T08:01:38","date_gmt":"2026-01-12T08:01:38","guid":{"rendered":"https:\/\/e-mazzoni.it\/calendario-de-feiras-2026\/"},"modified":"2026-01-12T08:11:51","modified_gmt":"2026-01-12T08:11:51","slug":"calendario-de-feiras-2026","status":"publish","type":"post","link":"https:\/\/e-mazzoni.it\/pt-br\/calendario-de-feiras-2026\/","title":{"rendered":"Calend\u00e1rio de feiras 2026"},"content":{"rendered":"\n<p>\u00c9 com grande prazer que apresentamos o nosso<strong> calend\u00e1rio de feiras para 2026.<\/strong><\/p>\n\n<p>O pr\u00f3ximo ano ser\u00e1 marcado por diversos eventos imperd\u00edveis \u2014 uma excelente oportunidade para nos encontrarmos pessoalmente, trocar ideias e descobrir as nossas <strong>mais recentes novidades e inova\u00e7\u00f5es.<\/strong><\/p>\n\n<p>Em anexo encontrar\u00e1 o calend\u00e1rio completo. <strong>Recomendamos que marque desde j\u00e1 os eventos do seu interesse<\/strong> e planeie a sua visita com anteced\u00eancia.<\/p>\n\n<p>Esperamos por si em 2026!<\/p>\n\n<p>Atenciosamente,<\/p>\n","protected":false},"excerpt":{"rendered":"<p>\u00c9 com grande prazer que apresentamos o nosso calend\u00e1rio de feiras para 2026. O pr\u00f3ximo ano ser\u00e1 marcado por diversos eventos imperd\u00edveis \u2014 uma excelente oportunidade para nos encontrarmos pessoalmente, trocar ideias e descobrir as nossas mais recentes novidades e inova\u00e7\u00f5es. Em anexo encontrar\u00e1 o calend\u00e1rio completo. Recomendamos que marque desde j\u00e1 os eventos do [&hellip;]<\/p>\n","protected":false},"author":4,"featured_media":66491,"comment_status":"closed","ping_status":"open","sticky":false,"template":"","format":"standard","meta":{"zakra_page_container_layout":"customizer","zakra_page_sidebar_layout":"customizer","zakra_remove_content_margin":false,"zakra_sidebar":"customizer","zakra_transparent_header":"customizer","zakra_logo":0,"zakra_main_header_style":"default","zakra_menu_item_color":"","zakra_menu_item_hover_color":"","zakra_menu_item_active_color":"","zakra_menu_active_style":"","zakra_page_header":true,"footnotes":""},"categories":[4078,792,4079],"tags":[],"class_list":["post-66504","post","type-post","status-publish","format-standard","has-post-thumbnail","hentry","category-eventos-pt-br","category-nao-categorizado","category-noticias"],"yoast_head":"<!-- This site is optimized with the Yoast SEO plugin v27.5 - https:\/\/yoast.com\/product\/yoast-seo-wordpress\/ -->\n<title>Calend\u00e1rio de feiras 2026 - Mazzoni<\/title>\n<meta name=\"robots\" content=\"index, follow, max-snippet:-1, max-image-preview:large, max-video-preview:-1\" \/>\n<link rel=\"canonical\" href=\"https:\/\/e-mazzoni.it\/pt-br\/calendario-de-feiras-2026\/\" \/>\n<meta property=\"og:locale\" content=\"pt_BR\" \/>\n<meta property=\"og:type\" content=\"article\" \/>\n<meta property=\"og:title\" content=\"Calend\u00e1rio de feiras 2026 - Mazzoni\" \/>\n<meta property=\"og:description\" content=\"\u00c9 com grande prazer que apresentamos o nosso calend\u00e1rio de feiras para 2026. O pr\u00f3ximo ano ser\u00e1 marcado por diversos eventos imperd\u00edveis \u2014 uma excelente oportunidade para nos encontrarmos pessoalmente, trocar ideias e descobrir as nossas mais recentes novidades e inova\u00e7\u00f5es. Em anexo encontrar\u00e1 o calend\u00e1rio completo. Recomendamos que marque desde j\u00e1 os eventos do [&hellip;]\" \/>\n<meta property=\"og:url\" content=\"https:\/\/e-mazzoni.it\/pt-br\/calendario-de-feiras-2026\/\" \/>\n<meta property=\"og:site_name\" content=\"Mazzoni\" \/>\n<meta property=\"article:published_time\" content=\"2026-01-12T08:01:38+00:00\" \/>\n<meta property=\"article:modified_time\" content=\"2026-01-12T08:11:51+00:00\" \/>\n<meta property=\"og:image\" content=\"https:\/\/e-mazzoni.it\/wp-content\/uploads\/2026\/01\/calendario-definitivo.png\" \/>\n\t<meta property=\"og:image:width\" content=\"600\" \/>\n\t<meta property=\"og:image:height\" content=\"338\" \/>\n\t<meta property=\"og:image:type\" content=\"image\/png\" \/>\n<meta name=\"author\" content=\"Mazzoni\" \/>\n<meta name=\"twitter:card\" content=\"summary_large_image\" \/>\n<meta name=\"twitter:label1\" content=\"Escrito por\" \/>\n\t<meta name=\"twitter:data1\" content=\"Mazzoni\" \/>\n<!-- \/ Yoast SEO plugin. -->","yoast_head_json":{"title":"Calend\u00e1rio de feiras 2026 - Mazzoni","robots":{"index":"index","follow":"follow","max-snippet":"max-snippet:-1","max-image-preview":"max-image-preview:large","max-video-preview":"max-video-preview:-1"},"canonical":"https:\/\/e-mazzoni.it\/pt-br\/calendario-de-feiras-2026\/","og_locale":"pt_BR","og_type":"article","og_title":"Calend\u00e1rio de feiras 2026 - Mazzoni","og_description":"\u00c9 com grande prazer que apresentamos o nosso calend\u00e1rio de feiras para 2026. O pr\u00f3ximo ano ser\u00e1 marcado por diversos eventos imperd\u00edveis \u2014 uma excelente oportunidade para nos encontrarmos pessoalmente, trocar ideias e descobrir as nossas mais recentes novidades e inova\u00e7\u00f5es. Em anexo encontrar\u00e1 o calend\u00e1rio completo. Recomendamos que marque desde j\u00e1 os eventos do [&hellip;]","og_url":"https:\/\/e-mazzoni.it\/pt-br\/calendario-de-feiras-2026\/","og_site_name":"Mazzoni","article_published_time":"2026-01-12T08:01:38+00:00","article_modified_time":"2026-01-12T08:11:51+00:00","og_image":[{"width":600,"height":338,"url":"https:\/\/e-mazzoni.it\/wp-content\/uploads\/2026\/01\/calendario-definitivo.png","type":"image\/png"}],"author":"Mazzoni","twitter_card":"summary_large_image","twitter_misc":{"Escrito por":"Mazzoni"},"schema":{"@context":"https:\/\/schema.org","@graph":[{"@type":["Article","BlogPosting"],"@id":"https:\/\/e-mazzoni.it\/pt-br\/calendario-de-feiras-2026\/#article","isPartOf":{"@id":"https:\/\/e-mazzoni.it\/pt-br\/calendario-de-feiras-2026\/"},"author":{"name":"Mazzoni","@id":"https:\/\/e-mazzoni.it\/pt-br\/#\/schema\/person\/212c317234caca5e597cd36e69c693e8"},"headline":"Calend\u00e1rio de feiras 2026","datePublished":"2026-01-12T08:01:38+00:00","dateModified":"2026-01-12T08:11:51+00:00","mainEntityOfPage":{"@id":"https:\/\/e-mazzoni.it\/pt-br\/calendario-de-feiras-2026\/"},"wordCount":76,"publisher":{"@id":"https:\/\/e-mazzoni.it\/pt-br\/#organization"},"image":{"@id":"https:\/\/e-mazzoni.it\/pt-br\/calendario-de-feiras-2026\/#primaryimage"},"thumbnailUrl":"https:\/\/e-mazzoni.it\/wp-content\/uploads\/2026\/01\/calendario-definitivo.png","articleSection":["Eventos","N\u00e3o categorizado","Not\u00edcias"],"inLanguage":"pt-BR"},{"@type":"WebPage","@id":"https:\/\/e-mazzoni.it\/pt-br\/calendario-de-feiras-2026\/","url":"https:\/\/e-mazzoni.it\/pt-br\/calendario-de-feiras-2026\/","name":"Calend\u00e1rio de feiras 2026 - Mazzoni","isPartOf":{"@id":"https:\/\/e-mazzoni.it\/pt-br\/#website"},"primaryImageOfPage":{"@id":"https:\/\/e-mazzoni.it\/pt-br\/calendario-de-feiras-2026\/#primaryimage"},"image":{"@id":"https:\/\/e-mazzoni.it\/pt-br\/calendario-de-feiras-2026\/#primaryimage"},"thumbnailUrl":"https:\/\/e-mazzoni.it\/wp-content\/uploads\/2026\/01\/calendario-definitivo.png","datePublished":"2026-01-12T08:01:38+00:00","dateModified":"2026-01-12T08:11:51+00:00","breadcrumb":{"@id":"https:\/\/e-mazzoni.it\/pt-br\/calendario-de-feiras-2026\/#breadcrumb"},"inLanguage":"pt-BR","potentialAction":[{"@type":"ReadAction","target":["https:\/\/e-mazzoni.it\/pt-br\/calendario-de-feiras-2026\/"]}]},{"@type":"ImageObject","inLanguage":"pt-BR","@id":"https:\/\/e-mazzoni.it\/pt-br\/calendario-de-feiras-2026\/#primaryimage","url":"https:\/\/e-mazzoni.it\/wp-content\/uploads\/2026\/01\/calendario-definitivo.png","contentUrl":"https:\/\/e-mazzoni.it\/wp-content\/uploads\/2026\/01\/calendario-definitivo.png","width":600,"height":338},{"@type":"BreadcrumbList","@id":"https:\/\/e-mazzoni.it\/pt-br\/calendario-de-feiras-2026\/#breadcrumb","itemListElement":[{"@type":"ListItem","position":1,"name":"Home","item":"https:\/\/e-mazzoni.it\/pt-br\/"},{"@type":"ListItem","position":2,"name":"Calend\u00e1rio de feiras 2026"}]},{"@type":"WebSite","@id":"https:\/\/e-mazzoni.it\/pt-br\/#website","url":"https:\/\/e-mazzoni.it\/pt-br\/","name":"Mazzoni","description":"Mazzoni","publisher":{"@id":"https:\/\/e-mazzoni.it\/pt-br\/#organization"},"potentialAction":[{"@type":"SearchAction","target":{"@type":"EntryPoint","urlTemplate":"https:\/\/e-mazzoni.it\/pt-br\/?s={search_term_string}"},"query-input":{"@type":"PropertyValueSpecification","valueRequired":true,"valueName":"search_term_string"}}],"inLanguage":"pt-BR"},{"@type":"Organization","@id":"https:\/\/e-mazzoni.it\/pt-br\/#organization","name":"Mazzoni","url":"https:\/\/e-mazzoni.it\/pt-br\/","logo":{"@type":"ImageObject","inLanguage":"pt-BR","@id":"https:\/\/e-mazzoni.it\/pt-br\/#\/schema\/logo\/image\/","url":"https:\/\/e-mazzoni.it\/wp-content\/uploads\/2023\/07\/logo.png","contentUrl":"https:\/\/e-mazzoni.it\/wp-content\/uploads\/2023\/07\/logo.png","width":250,"height":109,"caption":"Mazzoni"},"image":{"@id":"https:\/\/e-mazzoni.it\/pt-br\/#\/schema\/logo\/image\/"}},{"@type":"Person","@id":"https:\/\/e-mazzoni.it\/pt-br\/#\/schema\/person\/212c317234caca5e597cd36e69c693e8","name":"Mazzoni","image":{"@type":"ImageObject","inLanguage":"pt-BR","@id":"https:\/\/secure.gravatar.com\/avatar\/e97460b47aab710db4039889fa011c449bf578ae910b993b75e3eb458539463b?s=96&d=mm&r=g","url":"https:\/\/secure.gravatar.com\/avatar\/e97460b47aab710db4039889fa011c449bf578ae910b993b75e3eb458539463b?s=96&d=mm&r=g","contentUrl":"https:\/\/secure.gravatar.com\/avatar\/e97460b47aab710db4039889fa011c449bf578ae910b993b75e3eb458539463b?s=96&d=mm&r=g","caption":"Mazzoni"},"url":"https:\/\/e-mazzoni.it\/pt-br\/author\/mazzoni\/"}]}},"_links":{"self":[{"href":"https:\/\/e-mazzoni.it\/pt-br\/wp-json\/wp\/v2\/posts\/66504","targetHints":{"allow":["GET"]}}],"collection":[{"href":"https:\/\/e-mazzoni.it\/pt-br\/wp-json\/wp\/v2\/posts"}],"about":[{"href":"https:\/\/e-mazzoni.it\/pt-br\/wp-json\/wp\/v2\/types\/post"}],"author":[{"embeddable":true,"href":"https:\/\/e-mazzoni.it\/pt-br\/wp-json\/wp\/v2\/users\/4"}],"replies":[{"embeddable":true,"href":"https:\/\/e-mazzoni.it\/pt-br\/wp-json\/wp\/v2\/comments?post=66504"}],"version-history":[{"count":1,"href":"https:\/\/e-mazzoni.it\/pt-br\/wp-json\/wp\/v2\/posts\/66504\/revisions"}],"predecessor-version":[{"id":66505,"href":"https:\/\/e-mazzoni.it\/pt-br\/wp-json\/wp\/v2\/posts\/66504\/revisions\/66505"}],"wp:featuredmedia":[{"embeddable":true,"href":"https:\/\/e-mazzoni.it\/pt-br\/wp-json\/wp\/v2\/media\/66491"}],"wp:attachment":[{"href":"https:\/\/e-mazzoni.it\/pt-br\/wp-json\/wp\/v2\/media?parent=66504"}],"wp:term":[{"taxonomy":"category","embeddable":true,"href":"https:\/\/e-mazzoni.it\/pt-br\/wp-json\/wp\/v2\/categories?post=66504"},{"taxonomy":"post_tag","embeddable":true,"href":"https:\/\/e-mazzoni.it\/pt-br\/wp-json\/wp\/v2\/tags?post=66504"}],"curies":[{"name":"wp","href":"https:\/\/api.w.org\/{rel}","templated":true}]}}