{"id":65264,"date":"2025-09-29T07:25:02","date_gmt":"2025-09-29T07:25:02","guid":{"rendered":"https:\/\/e-mazzoni.it\/calendario-de-feiras-atualizado-veja-onde-vamos-estar\/"},"modified":"2025-09-29T07:32:29","modified_gmt":"2025-09-29T07:32:29","slug":"calendario-de-feiras-atualizado-veja-onde-vamos-estar","status":"publish","type":"post","link":"https:\/\/e-mazzoni.it\/pt-br\/calendario-de-feiras-atualizado-veja-onde-vamos-estar\/","title":{"rendered":"Calend\u00e1rio de Feiras Atualizado \u2013 Veja Onde Vamos Estar!"},"content":{"rendered":"\n<p>O nosso <strong>calend\u00e1rio de feiras<\/strong> foi atualizado!<br\/>Agora voc\u00ea pode conferir todos os pr\u00f3ximos eventos e feiras em que estaremos presentes.<\/p>\n\n<p>\ud83d\udc49 <strong>Veja o calend\u00e1rio atualizado na imagem acima!<\/strong><\/p>\n\n<p>Estamos ansiosos para encontrar voc\u00ea, conversar e explorar novas oportunidades juntos.<\/p>\n\n<p><strong>At\u00e9 breve!<\/strong><br\/>Atenciosamente,<\/p>\n","protected":false},"excerpt":{"rendered":"<p>O nosso calend\u00e1rio de feiras foi atualizado!Agora voc\u00ea pode conferir todos os pr\u00f3ximos eventos e feiras em que estaremos presentes. \ud83d\udc49 Veja o calend\u00e1rio atualizado na imagem acima! Estamos ansiosos para encontrar voc\u00ea, conversar e explorar novas oportunidades juntos. At\u00e9 breve!Atenciosamente,<\/p>\n","protected":false},"author":4,"featured_media":65252,"comment_status":"closed","ping_status":"open","sticky":false,"template":"","format":"standard","meta":{"zakra_page_container_layout":"customizer","zakra_page_sidebar_layout":"customizer","zakra_remove_content_margin":false,"zakra_sidebar":"customizer","zakra_transparent_header":"customizer","zakra_logo":0,"zakra_main_header_style":"default","zakra_menu_item_color":"","zakra_menu_item_hover_color":"","zakra_menu_item_active_color":"","zakra_menu_active_style":"","zakra_page_header":true,"footnotes":""},"categories":[792],"tags":[],"class_list":["post-65264","post","type-post","status-publish","format-standard","has-post-thumbnail","hentry","category-nao-categorizado"],"yoast_head":"<!-- This site is optimized with the Yoast SEO plugin v27.5 - https:\/\/yoast.com\/product\/yoast-seo-wordpress\/ -->\n<title>Calend\u00e1rio de Feiras Atualizado \u2013 Veja Onde Vamos Estar! - Mazzoni<\/title>\n<meta name=\"robots\" content=\"index, follow, max-snippet:-1, max-image-preview:large, max-video-preview:-1\" \/>\n<link rel=\"canonical\" href=\"https:\/\/e-mazzoni.it\/pt-br\/calendario-de-feiras-atualizado-veja-onde-vamos-estar\/\" \/>\n<meta property=\"og:locale\" content=\"pt_BR\" \/>\n<meta property=\"og:type\" content=\"article\" \/>\n<meta property=\"og:title\" content=\"Calend\u00e1rio de Feiras Atualizado \u2013 Veja Onde Vamos Estar! - Mazzoni\" \/>\n<meta property=\"og:description\" content=\"O nosso calend\u00e1rio de feiras foi atualizado!Agora voc\u00ea pode conferir todos os pr\u00f3ximos eventos e feiras em que estaremos presentes. \ud83d\udc49 Veja o calend\u00e1rio atualizado na imagem acima! Estamos ansiosos para encontrar voc\u00ea, conversar e explorar novas oportunidades juntos. At\u00e9 breve!Atenciosamente,\" \/>\n<meta property=\"og:url\" content=\"https:\/\/e-mazzoni.it\/pt-br\/calendario-de-feiras-atualizado-veja-onde-vamos-estar\/\" \/>\n<meta property=\"og:site_name\" content=\"Mazzoni\" \/>\n<meta property=\"article:published_time\" content=\"2025-09-29T07:25:02+00:00\" \/>\n<meta property=\"article:modified_time\" content=\"2025-09-29T07:32:29+00:00\" \/>\n<meta property=\"og:image\" content=\"https:\/\/e-mazzoni.it\/wp-content\/uploads\/2025\/09\/CALENDARIO-AGGIORNATO-CON-FIERE-07.08.jpg\" \/>\n\t<meta property=\"og:image:width\" content=\"1080\" \/>\n\t<meta property=\"og:image:height\" content=\"1080\" \/>\n\t<meta property=\"og:image:type\" content=\"image\/jpeg\" \/>\n<meta name=\"author\" content=\"Mazzoni\" \/>\n<meta name=\"twitter:card\" content=\"summary_large_image\" \/>\n<meta name=\"twitter:label1\" content=\"Escrito por\" \/>\n\t<meta name=\"twitter:data1\" content=\"Mazzoni\" \/>\n<!-- \/ Yoast SEO plugin. -->","yoast_head_json":{"title":"Calend\u00e1rio de Feiras Atualizado \u2013 Veja Onde Vamos Estar! - Mazzoni","robots":{"index":"index","follow":"follow","max-snippet":"max-snippet:-1","max-image-preview":"max-image-preview:large","max-video-preview":"max-video-preview:-1"},"canonical":"https:\/\/e-mazzoni.it\/pt-br\/calendario-de-feiras-atualizado-veja-onde-vamos-estar\/","og_locale":"pt_BR","og_type":"article","og_title":"Calend\u00e1rio de Feiras Atualizado \u2013 Veja Onde Vamos Estar! - Mazzoni","og_description":"O nosso calend\u00e1rio de feiras foi atualizado!Agora voc\u00ea pode conferir todos os pr\u00f3ximos eventos e feiras em que estaremos presentes. \ud83d\udc49 Veja o calend\u00e1rio atualizado na imagem acima! Estamos ansiosos para encontrar voc\u00ea, conversar e explorar novas oportunidades juntos. At\u00e9 breve!Atenciosamente,","og_url":"https:\/\/e-mazzoni.it\/pt-br\/calendario-de-feiras-atualizado-veja-onde-vamos-estar\/","og_site_name":"Mazzoni","article_published_time":"2025-09-29T07:25:02+00:00","article_modified_time":"2025-09-29T07:32:29+00:00","og_image":[{"width":1080,"height":1080,"url":"https:\/\/e-mazzoni.it\/wp-content\/uploads\/2025\/09\/CALENDARIO-AGGIORNATO-CON-FIERE-07.08.jpg","type":"image\/jpeg"}],"author":"Mazzoni","twitter_card":"summary_large_image","twitter_misc":{"Escrito por":"Mazzoni"},"schema":{"@context":"https:\/\/schema.org","@graph":[{"@type":["Article","BlogPosting"],"@id":"https:\/\/e-mazzoni.it\/pt-br\/calendario-de-feiras-atualizado-veja-onde-vamos-estar\/#article","isPartOf":{"@id":"https:\/\/e-mazzoni.it\/pt-br\/calendario-de-feiras-atualizado-veja-onde-vamos-estar\/"},"author":{"name":"Mazzoni","@id":"https:\/\/e-mazzoni.it\/pt-br\/#\/schema\/person\/212c317234caca5e597cd36e69c693e8"},"headline":"Calend\u00e1rio de Feiras Atualizado \u2013 Veja Onde Vamos Estar!","datePublished":"2025-09-29T07:25:02+00:00","dateModified":"2025-09-29T07:32:29+00:00","mainEntityOfPage":{"@id":"https:\/\/e-mazzoni.it\/pt-br\/calendario-de-feiras-atualizado-veja-onde-vamos-estar\/"},"wordCount":54,"publisher":{"@id":"https:\/\/e-mazzoni.it\/pt-br\/#organization"},"image":{"@id":"https:\/\/e-mazzoni.it\/pt-br\/calendario-de-feiras-atualizado-veja-onde-vamos-estar\/#primaryimage"},"thumbnailUrl":"https:\/\/e-mazzoni.it\/wp-content\/uploads\/2025\/09\/CALENDARIO-AGGIORNATO-CON-FIERE-07.08.jpg","articleSection":["N\u00e3o categorizado"],"inLanguage":"pt-BR"},{"@type":"WebPage","@id":"https:\/\/e-mazzoni.it\/pt-br\/calendario-de-feiras-atualizado-veja-onde-vamos-estar\/","url":"https:\/\/e-mazzoni.it\/pt-br\/calendario-de-feiras-atualizado-veja-onde-vamos-estar\/","name":"Calend\u00e1rio de Feiras Atualizado \u2013 Veja Onde Vamos Estar! - Mazzoni","isPartOf":{"@id":"https:\/\/e-mazzoni.it\/pt-br\/#website"},"primaryImageOfPage":{"@id":"https:\/\/e-mazzoni.it\/pt-br\/calendario-de-feiras-atualizado-veja-onde-vamos-estar\/#primaryimage"},"image":{"@id":"https:\/\/e-mazzoni.it\/pt-br\/calendario-de-feiras-atualizado-veja-onde-vamos-estar\/#primaryimage"},"thumbnailUrl":"https:\/\/e-mazzoni.it\/wp-content\/uploads\/2025\/09\/CALENDARIO-AGGIORNATO-CON-FIERE-07.08.jpg","datePublished":"2025-09-29T07:25:02+00:00","dateModified":"2025-09-29T07:32:29+00:00","breadcrumb":{"@id":"https:\/\/e-mazzoni.it\/pt-br\/calendario-de-feiras-atualizado-veja-onde-vamos-estar\/#breadcrumb"},"inLanguage":"pt-BR","potentialAction":[{"@type":"ReadAction","target":["https:\/\/e-mazzoni.it\/pt-br\/calendario-de-feiras-atualizado-veja-onde-vamos-estar\/"]}]},{"@type":"ImageObject","inLanguage":"pt-BR","@id":"https:\/\/e-mazzoni.it\/pt-br\/calendario-de-feiras-atualizado-veja-onde-vamos-estar\/#primaryimage","url":"https:\/\/e-mazzoni.it\/wp-content\/uploads\/2025\/09\/CALENDARIO-AGGIORNATO-CON-FIERE-07.08.jpg","contentUrl":"https:\/\/e-mazzoni.it\/wp-content\/uploads\/2025\/09\/CALENDARIO-AGGIORNATO-CON-FIERE-07.08.jpg","width":1080,"height":1080},{"@type":"BreadcrumbList","@id":"https:\/\/e-mazzoni.it\/pt-br\/calendario-de-feiras-atualizado-veja-onde-vamos-estar\/#breadcrumb","itemListElement":[{"@type":"ListItem","position":1,"name":"Home","item":"https:\/\/e-mazzoni.it\/pt-br\/"},{"@type":"ListItem","position":2,"name":"Calend\u00e1rio de Feiras Atualizado \u2013 Veja Onde Vamos Estar!"}]},{"@type":"WebSite","@id":"https:\/\/e-mazzoni.it\/pt-br\/#website","url":"https:\/\/e-mazzoni.it\/pt-br\/","name":"Mazzoni","description":"Mazzoni","publisher":{"@id":"https:\/\/e-mazzoni.it\/pt-br\/#organization"},"potentialAction":[{"@type":"SearchAction","target":{"@type":"EntryPoint","urlTemplate":"https:\/\/e-mazzoni.it\/pt-br\/?s={search_term_string}"},"query-input":{"@type":"PropertyValueSpecification","valueRequired":true,"valueName":"search_term_string"}}],"inLanguage":"pt-BR"},{"@type":"Organization","@id":"https:\/\/e-mazzoni.it\/pt-br\/#organization","name":"Mazzoni","url":"https:\/\/e-mazzoni.it\/pt-br\/","logo":{"@type":"ImageObject","inLanguage":"pt-BR","@id":"https:\/\/e-mazzoni.it\/pt-br\/#\/schema\/logo\/image\/","url":"https:\/\/e-mazzoni.it\/wp-content\/uploads\/2023\/07\/logo.png","contentUrl":"https:\/\/e-mazzoni.it\/wp-content\/uploads\/2023\/07\/logo.png","width":250,"height":109,"caption":"Mazzoni"},"image":{"@id":"https:\/\/e-mazzoni.it\/pt-br\/#\/schema\/logo\/image\/"}},{"@type":"Person","@id":"https:\/\/e-mazzoni.it\/pt-br\/#\/schema\/person\/212c317234caca5e597cd36e69c693e8","name":"Mazzoni","image":{"@type":"ImageObject","inLanguage":"pt-BR","@id":"https:\/\/secure.gravatar.com\/avatar\/e97460b47aab710db4039889fa011c449bf578ae910b993b75e3eb458539463b?s=96&d=mm&r=g","url":"https:\/\/secure.gravatar.com\/avatar\/e97460b47aab710db4039889fa011c449bf578ae910b993b75e3eb458539463b?s=96&d=mm&r=g","contentUrl":"https:\/\/secure.gravatar.com\/avatar\/e97460b47aab710db4039889fa011c449bf578ae910b993b75e3eb458539463b?s=96&d=mm&r=g","caption":"Mazzoni"},"url":"https:\/\/e-mazzoni.it\/pt-br\/author\/mazzoni\/"}]}},"_links":{"self":[{"href":"https:\/\/e-mazzoni.it\/pt-br\/wp-json\/wp\/v2\/posts\/65264","targetHints":{"allow":["GET"]}}],"collection":[{"href":"https:\/\/e-mazzoni.it\/pt-br\/wp-json\/wp\/v2\/posts"}],"about":[{"href":"https:\/\/e-mazzoni.it\/pt-br\/wp-json\/wp\/v2\/types\/post"}],"author":[{"embeddable":true,"href":"https:\/\/e-mazzoni.it\/pt-br\/wp-json\/wp\/v2\/users\/4"}],"replies":[{"embeddable":true,"href":"https:\/\/e-mazzoni.it\/pt-br\/wp-json\/wp\/v2\/comments?post=65264"}],"version-history":[{"count":1,"href":"https:\/\/e-mazzoni.it\/pt-br\/wp-json\/wp\/v2\/posts\/65264\/revisions"}],"predecessor-version":[{"id":65265,"href":"https:\/\/e-mazzoni.it\/pt-br\/wp-json\/wp\/v2\/posts\/65264\/revisions\/65265"}],"wp:featuredmedia":[{"embeddable":true,"href":"https:\/\/e-mazzoni.it\/pt-br\/wp-json\/wp\/v2\/media\/65252"}],"wp:attachment":[{"href":"https:\/\/e-mazzoni.it\/pt-br\/wp-json\/wp\/v2\/media?parent=65264"}],"wp:term":[{"taxonomy":"category","embeddable":true,"href":"https:\/\/e-mazzoni.it\/pt-br\/wp-json\/wp\/v2\/categories?post=65264"},{"taxonomy":"post_tag","embeddable":true,"href":"https:\/\/e-mazzoni.it\/pt-br\/wp-json\/wp\/v2\/tags?post=65264"}],"curies":[{"name":"wp","href":"https:\/\/api.w.org\/{rel}","templated":true}]}}