{"id":66625,"date":"2026-04-02T12:41:16","date_gmt":"2026-04-02T12:41:16","guid":{"rendered":"https:\/\/e-mazzoni.it\/zamkniecie-z-powodu-swiat-wielkanocnych-2026\/"},"modified":"2026-04-02T12:47:14","modified_gmt":"2026-04-02T12:47:14","slug":"zamkniecie-z-powodu-swiat-wielkanocnych-2026","status":"publish","type":"post","link":"https:\/\/e-mazzoni.it\/pl\/zamkniecie-z-powodu-swiat-wielkanocnych-2026\/","title":{"rendered":"Zamkni\u0119cie z powodu \u015awi\u0105t Wielkanocnych 2026"},"content":{"rendered":"\n<p>Chcieliby\u015bmy poinformowa\u0107, \u017ce nasze biura b\u0119d\u0105 zamkni\u0119te z okazji \u015awi\u0105t Wielkanocnych od 3 kwietnia do 6 kwietnia (w\u0142\u0105cznie).<\/p>\n\n<p>W tym okresie nasze operacje b\u0119d\u0105 tymczasowo zawieszone. Wszystkie zapytania i zam\u00f3wienia otrzymane w tym czasie b\u0119d\u0105 przetwarzane niezw\u0142ocznie po naszym powrocie 7 kwietnia. <\/p>\n\n<p>Chcieliby\u015bmy r\u00f3wnie\u017c \u017cyczy\u0107 Pa\u0144stwu Weso\u0142ych \u015awi\u0105t Wielkanocnych. Niech ten czas przyniesie rado\u015b\u0107, pok\u00f3j i mi\u0142e chwile w gronie najbli\u017cszych. <\/p>\n\n<p>Normalna dzia\u0142alno\u015b\u0107 gospodarcza zostanie wznowiona 7 kwietnia.<\/p>\n\n<p>Dzi\u0119kujemy za dalsz\u0105 wsp\u00f3\u0142prac\u0119.<\/p>\n\n<p>Z powa\u017caniem,<\/p>\n\n<p><\/p>\n","protected":false},"excerpt":{"rendered":"<p>Chcieliby\u015bmy poinformowa\u0107, \u017ce nasze biura b\u0119d\u0105 zamkni\u0119te z okazji \u015awi\u0105t Wielkanocnych od 3 kwietnia do 6 kwietnia (w\u0142\u0105cznie). W tym okresie nasze operacje b\u0119d\u0105 tymczasowo zawieszone. Wszystkie zapytania i zam\u00f3wienia otrzymane w tym czasie b\u0119d\u0105 przetwarzane niezw\u0142ocznie po naszym powrocie 7 kwietnia. Chcieliby\u015bmy r\u00f3wnie\u017c \u017cyczy\u0107 Pa\u0144stwu Weso\u0142ych \u015awi\u0105t Wielkanocnych. Niech ten czas przyniesie rado\u015b\u0107, pok\u00f3j [&hellip;]<\/p>\n","protected":false},"author":4,"featured_media":66614,"comment_status":"closed","ping_status":"open","sticky":false,"template":"","format":"standard","meta":{"zakra_page_container_layout":"customizer","zakra_page_sidebar_layout":"customizer","zakra_remove_content_margin":false,"zakra_sidebar":"customizer","zakra_transparent_header":"customizer","zakra_logo":0,"zakra_main_header_style":"default","zakra_menu_item_color":"","zakra_menu_item_hover_color":"","zakra_menu_item_active_color":"","zakra_menu_active_style":"","zakra_page_header":true,"footnotes":""},"categories":[4024,4023],"tags":[],"class_list":["post-66625","post","type-post","status-publish","format-standard","has-post-thumbnail","hentry","category-nowosci","category-wydarzenia"],"yoast_head":"<!-- This site is optimized with the Yoast SEO plugin v27.5 - https:\/\/yoast.com\/product\/yoast-seo-wordpress\/ -->\n<title>Zamkni\u0119cie z powodu \u015awi\u0105t Wielkanocnych 2026 - Mazzoni<\/title>\n<meta name=\"robots\" content=\"index, follow, max-snippet:-1, max-image-preview:large, max-video-preview:-1\" \/>\n<link rel=\"canonical\" href=\"https:\/\/e-mazzoni.it\/pl\/zamkniecie-z-powodu-swiat-wielkanocnych-2026\/\" \/>\n<meta property=\"og:locale\" content=\"pl_PL\" \/>\n<meta property=\"og:type\" content=\"article\" \/>\n<meta property=\"og:title\" content=\"Zamkni\u0119cie z powodu \u015awi\u0105t Wielkanocnych 2026 - Mazzoni\" \/>\n<meta property=\"og:description\" content=\"Chcieliby\u015bmy poinformowa\u0107, \u017ce nasze biura b\u0119d\u0105 zamkni\u0119te z okazji \u015awi\u0105t Wielkanocnych od 3 kwietnia do 6 kwietnia (w\u0142\u0105cznie). W tym okresie nasze operacje b\u0119d\u0105 tymczasowo zawieszone. Wszystkie zapytania i zam\u00f3wienia otrzymane w tym czasie b\u0119d\u0105 przetwarzane niezw\u0142ocznie po naszym powrocie 7 kwietnia. Chcieliby\u015bmy r\u00f3wnie\u017c \u017cyczy\u0107 Pa\u0144stwu Weso\u0142ych \u015awi\u0105t Wielkanocnych. Niech ten czas przyniesie rado\u015b\u0107, pok\u00f3j [&hellip;]\" \/>\n<meta property=\"og:url\" content=\"https:\/\/e-mazzoni.it\/pl\/zamkniecie-z-powodu-swiat-wielkanocnych-2026\/\" \/>\n<meta property=\"og:site_name\" content=\"Mazzoni\" \/>\n<meta property=\"article:published_time\" content=\"2026-04-02T12:41:16+00:00\" \/>\n<meta property=\"article:modified_time\" content=\"2026-04-02T12:47:14+00:00\" \/>\n<meta property=\"og:image\" content=\"https:\/\/e-mazzoni.it\/wp-content\/uploads\/2026\/04\/pasqua-ferie.png\" \/>\n\t<meta property=\"og:image:width\" content=\"1360\" \/>\n\t<meta property=\"og:image:height\" content=\"768\" \/>\n\t<meta property=\"og:image:type\" content=\"image\/png\" \/>\n<meta name=\"author\" content=\"Mazzoni\" \/>\n<meta name=\"twitter:card\" content=\"summary_large_image\" \/>\n<meta name=\"twitter:label1\" content=\"Napisane przez\" \/>\n\t<meta name=\"twitter:data1\" content=\"Mazzoni\" \/>\n<!-- \/ Yoast SEO plugin. -->","yoast_head_json":{"title":"Zamkni\u0119cie z powodu \u015awi\u0105t Wielkanocnych 2026 - Mazzoni","robots":{"index":"index","follow":"follow","max-snippet":"max-snippet:-1","max-image-preview":"max-image-preview:large","max-video-preview":"max-video-preview:-1"},"canonical":"https:\/\/e-mazzoni.it\/pl\/zamkniecie-z-powodu-swiat-wielkanocnych-2026\/","og_locale":"pl_PL","og_type":"article","og_title":"Zamkni\u0119cie z powodu \u015awi\u0105t Wielkanocnych 2026 - Mazzoni","og_description":"Chcieliby\u015bmy poinformowa\u0107, \u017ce nasze biura b\u0119d\u0105 zamkni\u0119te z okazji \u015awi\u0105t Wielkanocnych od 3 kwietnia do 6 kwietnia (w\u0142\u0105cznie). W tym okresie nasze operacje b\u0119d\u0105 tymczasowo zawieszone. Wszystkie zapytania i zam\u00f3wienia otrzymane w tym czasie b\u0119d\u0105 przetwarzane niezw\u0142ocznie po naszym powrocie 7 kwietnia. Chcieliby\u015bmy r\u00f3wnie\u017c \u017cyczy\u0107 Pa\u0144stwu Weso\u0142ych \u015awi\u0105t Wielkanocnych. Niech ten czas przyniesie rado\u015b\u0107, pok\u00f3j [&hellip;]","og_url":"https:\/\/e-mazzoni.it\/pl\/zamkniecie-z-powodu-swiat-wielkanocnych-2026\/","og_site_name":"Mazzoni","article_published_time":"2026-04-02T12:41:16+00:00","article_modified_time":"2026-04-02T12:47:14+00:00","og_image":[{"width":1360,"height":768,"url":"https:\/\/e-mazzoni.it\/wp-content\/uploads\/2026\/04\/pasqua-ferie.png","type":"image\/png"}],"author":"Mazzoni","twitter_card":"summary_large_image","twitter_misc":{"Napisane przez":"Mazzoni"},"schema":{"@context":"https:\/\/schema.org","@graph":[{"@type":["Article","BlogPosting"],"@id":"https:\/\/e-mazzoni.it\/pl\/zamkniecie-z-powodu-swiat-wielkanocnych-2026\/#article","isPartOf":{"@id":"https:\/\/e-mazzoni.it\/pl\/zamkniecie-z-powodu-swiat-wielkanocnych-2026\/"},"author":{"name":"Mazzoni","@id":"https:\/\/e-mazzoni.it\/pl\/#\/schema\/person\/212c317234caca5e597cd36e69c693e8"},"headline":"Zamkni\u0119cie z powodu \u015awi\u0105t Wielkanocnych 2026","datePublished":"2026-04-02T12:41:16+00:00","dateModified":"2026-04-02T12:47:14+00:00","mainEntityOfPage":{"@id":"https:\/\/e-mazzoni.it\/pl\/zamkniecie-z-powodu-swiat-wielkanocnych-2026\/"},"wordCount":98,"publisher":{"@id":"https:\/\/e-mazzoni.it\/pl\/#organization"},"image":{"@id":"https:\/\/e-mazzoni.it\/pl\/zamkniecie-z-powodu-swiat-wielkanocnych-2026\/#primaryimage"},"thumbnailUrl":"https:\/\/e-mazzoni.it\/wp-content\/uploads\/2026\/04\/pasqua-ferie.png","articleSection":["Nowo\u015bci","Wydarzenia"],"inLanguage":"pl-PL"},{"@type":"WebPage","@id":"https:\/\/e-mazzoni.it\/pl\/zamkniecie-z-powodu-swiat-wielkanocnych-2026\/","url":"https:\/\/e-mazzoni.it\/pl\/zamkniecie-z-powodu-swiat-wielkanocnych-2026\/","name":"Zamkni\u0119cie z powodu \u015awi\u0105t Wielkanocnych 2026 - Mazzoni","isPartOf":{"@id":"https:\/\/e-mazzoni.it\/pl\/#website"},"primaryImageOfPage":{"@id":"https:\/\/e-mazzoni.it\/pl\/zamkniecie-z-powodu-swiat-wielkanocnych-2026\/#primaryimage"},"image":{"@id":"https:\/\/e-mazzoni.it\/pl\/zamkniecie-z-powodu-swiat-wielkanocnych-2026\/#primaryimage"},"thumbnailUrl":"https:\/\/e-mazzoni.it\/wp-content\/uploads\/2026\/04\/pasqua-ferie.png","datePublished":"2026-04-02T12:41:16+00:00","dateModified":"2026-04-02T12:47:14+00:00","breadcrumb":{"@id":"https:\/\/e-mazzoni.it\/pl\/zamkniecie-z-powodu-swiat-wielkanocnych-2026\/#breadcrumb"},"inLanguage":"pl-PL","potentialAction":[{"@type":"ReadAction","target":["https:\/\/e-mazzoni.it\/pl\/zamkniecie-z-powodu-swiat-wielkanocnych-2026\/"]}]},{"@type":"ImageObject","inLanguage":"pl-PL","@id":"https:\/\/e-mazzoni.it\/pl\/zamkniecie-z-powodu-swiat-wielkanocnych-2026\/#primaryimage","url":"https:\/\/e-mazzoni.it\/wp-content\/uploads\/2026\/04\/pasqua-ferie.png","contentUrl":"https:\/\/e-mazzoni.it\/wp-content\/uploads\/2026\/04\/pasqua-ferie.png","width":1360,"height":768},{"@type":"BreadcrumbList","@id":"https:\/\/e-mazzoni.it\/pl\/zamkniecie-z-powodu-swiat-wielkanocnych-2026\/#breadcrumb","itemListElement":[{"@type":"ListItem","position":1,"name":"Home","item":"https:\/\/e-mazzoni.it\/pl\/"},{"@type":"ListItem","position":2,"name":"Zamkni\u0119cie z powodu \u015awi\u0105t Wielkanocnych 2026"}]},{"@type":"WebSite","@id":"https:\/\/e-mazzoni.it\/pl\/#website","url":"https:\/\/e-mazzoni.it\/pl\/","name":"Mazzoni","description":"Mazzoni","publisher":{"@id":"https:\/\/e-mazzoni.it\/pl\/#organization"},"potentialAction":[{"@type":"SearchAction","target":{"@type":"EntryPoint","urlTemplate":"https:\/\/e-mazzoni.it\/pl\/?s={search_term_string}"},"query-input":{"@type":"PropertyValueSpecification","valueRequired":true,"valueName":"search_term_string"}}],"inLanguage":"pl-PL"},{"@type":"Organization","@id":"https:\/\/e-mazzoni.it\/pl\/#organization","name":"Mazzoni","url":"https:\/\/e-mazzoni.it\/pl\/","logo":{"@type":"ImageObject","inLanguage":"pl-PL","@id":"https:\/\/e-mazzoni.it\/pl\/#\/schema\/logo\/image\/","url":"https:\/\/e-mazzoni.it\/wp-content\/uploads\/2023\/07\/logo.png","contentUrl":"https:\/\/e-mazzoni.it\/wp-content\/uploads\/2023\/07\/logo.png","width":250,"height":109,"caption":"Mazzoni"},"image":{"@id":"https:\/\/e-mazzoni.it\/pl\/#\/schema\/logo\/image\/"}},{"@type":"Person","@id":"https:\/\/e-mazzoni.it\/pl\/#\/schema\/person\/212c317234caca5e597cd36e69c693e8","name":"Mazzoni","image":{"@type":"ImageObject","inLanguage":"pl-PL","@id":"https:\/\/secure.gravatar.com\/avatar\/e97460b47aab710db4039889fa011c449bf578ae910b993b75e3eb458539463b?s=96&d=mm&r=g","url":"https:\/\/secure.gravatar.com\/avatar\/e97460b47aab710db4039889fa011c449bf578ae910b993b75e3eb458539463b?s=96&d=mm&r=g","contentUrl":"https:\/\/secure.gravatar.com\/avatar\/e97460b47aab710db4039889fa011c449bf578ae910b993b75e3eb458539463b?s=96&d=mm&r=g","caption":"Mazzoni"},"url":"https:\/\/e-mazzoni.it\/pl\/author\/mazzoni\/"}]}},"_links":{"self":[{"href":"https:\/\/e-mazzoni.it\/pl\/wp-json\/wp\/v2\/posts\/66625","targetHints":{"allow":["GET"]}}],"collection":[{"href":"https:\/\/e-mazzoni.it\/pl\/wp-json\/wp\/v2\/posts"}],"about":[{"href":"https:\/\/e-mazzoni.it\/pl\/wp-json\/wp\/v2\/types\/post"}],"author":[{"embeddable":true,"href":"https:\/\/e-mazzoni.it\/pl\/wp-json\/wp\/v2\/users\/4"}],"replies":[{"embeddable":true,"href":"https:\/\/e-mazzoni.it\/pl\/wp-json\/wp\/v2\/comments?post=66625"}],"version-history":[{"count":1,"href":"https:\/\/e-mazzoni.it\/pl\/wp-json\/wp\/v2\/posts\/66625\/revisions"}],"predecessor-version":[{"id":66626,"href":"https:\/\/e-mazzoni.it\/pl\/wp-json\/wp\/v2\/posts\/66625\/revisions\/66626"}],"wp:featuredmedia":[{"embeddable":true,"href":"https:\/\/e-mazzoni.it\/pl\/wp-json\/wp\/v2\/media\/66614"}],"wp:attachment":[{"href":"https:\/\/e-mazzoni.it\/pl\/wp-json\/wp\/v2\/media?parent=66625"}],"wp:term":[{"taxonomy":"category","embeddable":true,"href":"https:\/\/e-mazzoni.it\/pl\/wp-json\/wp\/v2\/categories?post=66625"},{"taxonomy":"post_tag","embeddable":true,"href":"https:\/\/e-mazzoni.it\/pl\/wp-json\/wp\/v2\/tags?post=66625"}],"curies":[{"name":"wp","href":"https:\/\/api.w.org\/{rel}","templated":true}]}}