{"id":65262,"date":"2025-09-29T07:25:02","date_gmt":"2025-09-29T07:25:02","guid":{"rendered":"https:\/\/e-mazzoni.it\/zaktualizowany-kalendarz-targow-sprawdz-gdzie-mozemy-sie-spotkac\/"},"modified":"2025-09-29T07:31:13","modified_gmt":"2025-09-29T07:31:13","slug":"zaktualizowany-kalendarz-targow-sprawdz-gdzie-mozemy-sie-spotkac","status":"publish","type":"post","link":"https:\/\/e-mazzoni.it\/pl\/zaktualizowany-kalendarz-targow-sprawdz-gdzie-mozemy-sie-spotkac\/","title":{"rendered":"Zaktualizowany Kalendarz Targ\u00f3w \u2013 Sprawd\u017a, Gdzie Mo\u017cemy Si\u0119 Spotka\u0107!"},"content":{"rendered":"\n<p>Nasz <strong>kalendarz targ\u00f3w<\/strong> zosta\u0142 zaktualizowany!<br\/>Mo\u017cesz ju\u017c sprawdzi\u0107 wszystkie nadchodz\u0105ce targi i wydarzenia, w kt\u00f3rych we\u017amiemy udzia\u0142.<\/p>\n\n<p>\ud83d\udc49 <strong>Zobacz zaktualizowany kalendarz na grafice powy\u017cej!<\/strong><\/p>\n\n<p>Nie mo\u017cemy si\u0119 doczeka\u0107, aby si\u0119 z Tob\u0105 spotka\u0107, porozmawia\u0107 i odkry\u0107 nowe mo\u017cliwo\u015bci wsp\u00f3\u0142pracy.<\/p>\n\n<p><strong>Do zobaczenia wkr\u00f3tce!<\/strong><br\/>Z wyrazami szacunku,<\/p>\n","protected":false},"excerpt":{"rendered":"<p>Nasz kalendarz targ\u00f3w zosta\u0142 zaktualizowany!Mo\u017cesz ju\u017c sprawdzi\u0107 wszystkie nadchodz\u0105ce targi i wydarzenia, w kt\u00f3rych we\u017amiemy udzia\u0142. \ud83d\udc49 Zobacz zaktualizowany kalendarz na grafice powy\u017cej! Nie mo\u017cemy si\u0119 doczeka\u0107, aby si\u0119 z Tob\u0105 spotka\u0107, porozmawia\u0107 i odkry\u0107 nowe mo\u017cliwo\u015bci wsp\u00f3\u0142pracy. Do zobaczenia wkr\u00f3tce!Z wyrazami szacunku,<\/p>\n","protected":false},"author":4,"featured_media":65251,"comment_status":"closed","ping_status":"open","sticky":false,"template":"","format":"standard","meta":{"zakra_page_container_layout":"customizer","zakra_page_sidebar_layout":"customizer","zakra_remove_content_margin":false,"zakra_sidebar":"customizer","zakra_transparent_header":"customizer","zakra_logo":0,"zakra_main_header_style":"default","zakra_menu_item_color":"","zakra_menu_item_hover_color":"","zakra_menu_item_active_color":"","zakra_menu_active_style":"","zakra_page_header":true,"footnotes":""},"categories":[701],"tags":[],"class_list":["post-65262","post","type-post","status-publish","format-standard","has-post-thumbnail","hentry","category-bez-kategorii"],"yoast_head":"<!-- This site is optimized with the Yoast SEO plugin v27.5 - https:\/\/yoast.com\/product\/yoast-seo-wordpress\/ -->\n<title>Zaktualizowany Kalendarz Targ\u00f3w \u2013 Sprawd\u017a, Gdzie Mo\u017cemy Si\u0119 Spotka\u0107! - Mazzoni<\/title>\n<meta name=\"robots\" content=\"index, follow, max-snippet:-1, max-image-preview:large, max-video-preview:-1\" \/>\n<link rel=\"canonical\" href=\"https:\/\/e-mazzoni.it\/pl\/zaktualizowany-kalendarz-targow-sprawdz-gdzie-mozemy-sie-spotkac\/\" \/>\n<meta property=\"og:locale\" content=\"pl_PL\" \/>\n<meta property=\"og:type\" content=\"article\" \/>\n<meta property=\"og:title\" content=\"Zaktualizowany Kalendarz Targ\u00f3w \u2013 Sprawd\u017a, Gdzie Mo\u017cemy Si\u0119 Spotka\u0107! - Mazzoni\" \/>\n<meta property=\"og:description\" content=\"Nasz kalendarz targ\u00f3w zosta\u0142 zaktualizowany!Mo\u017cesz ju\u017c sprawdzi\u0107 wszystkie nadchodz\u0105ce targi i wydarzenia, w kt\u00f3rych we\u017amiemy udzia\u0142. \ud83d\udc49 Zobacz zaktualizowany kalendarz na grafice powy\u017cej! Nie mo\u017cemy si\u0119 doczeka\u0107, aby si\u0119 z Tob\u0105 spotka\u0107, porozmawia\u0107 i odkry\u0107 nowe mo\u017cliwo\u015bci wsp\u00f3\u0142pracy. Do zobaczenia wkr\u00f3tce!Z wyrazami szacunku,\" \/>\n<meta property=\"og:url\" content=\"https:\/\/e-mazzoni.it\/pl\/zaktualizowany-kalendarz-targow-sprawdz-gdzie-mozemy-sie-spotkac\/\" \/>\n<meta property=\"og:site_name\" content=\"Mazzoni\" \/>\n<meta property=\"article:published_time\" content=\"2025-09-29T07:25:02+00:00\" \/>\n<meta property=\"article:modified_time\" content=\"2025-09-29T07:31:13+00:00\" \/>\n<meta property=\"og:image\" content=\"https:\/\/e-mazzoni.it\/wp-content\/uploads\/2025\/09\/CALENDARIO-AGGIORNATO-CON-FIERE-07.08.jpg\" \/>\n\t<meta property=\"og:image:width\" content=\"1080\" \/>\n\t<meta property=\"og:image:height\" content=\"1080\" \/>\n\t<meta property=\"og:image:type\" content=\"image\/jpeg\" \/>\n<meta name=\"author\" content=\"Mazzoni\" \/>\n<meta name=\"twitter:card\" content=\"summary_large_image\" \/>\n<meta name=\"twitter:label1\" content=\"Napisane przez\" \/>\n\t<meta name=\"twitter:data1\" content=\"Mazzoni\" \/>\n<!-- \/ Yoast SEO plugin. -->","yoast_head_json":{"title":"Zaktualizowany Kalendarz Targ\u00f3w \u2013 Sprawd\u017a, Gdzie Mo\u017cemy Si\u0119 Spotka\u0107! - Mazzoni","robots":{"index":"index","follow":"follow","max-snippet":"max-snippet:-1","max-image-preview":"max-image-preview:large","max-video-preview":"max-video-preview:-1"},"canonical":"https:\/\/e-mazzoni.it\/pl\/zaktualizowany-kalendarz-targow-sprawdz-gdzie-mozemy-sie-spotkac\/","og_locale":"pl_PL","og_type":"article","og_title":"Zaktualizowany Kalendarz Targ\u00f3w \u2013 Sprawd\u017a, Gdzie Mo\u017cemy Si\u0119 Spotka\u0107! - Mazzoni","og_description":"Nasz kalendarz targ\u00f3w zosta\u0142 zaktualizowany!Mo\u017cesz ju\u017c sprawdzi\u0107 wszystkie nadchodz\u0105ce targi i wydarzenia, w kt\u00f3rych we\u017amiemy udzia\u0142. \ud83d\udc49 Zobacz zaktualizowany kalendarz na grafice powy\u017cej! Nie mo\u017cemy si\u0119 doczeka\u0107, aby si\u0119 z Tob\u0105 spotka\u0107, porozmawia\u0107 i odkry\u0107 nowe mo\u017cliwo\u015bci wsp\u00f3\u0142pracy. Do zobaczenia wkr\u00f3tce!Z wyrazami szacunku,","og_url":"https:\/\/e-mazzoni.it\/pl\/zaktualizowany-kalendarz-targow-sprawdz-gdzie-mozemy-sie-spotkac\/","og_site_name":"Mazzoni","article_published_time":"2025-09-29T07:25:02+00:00","article_modified_time":"2025-09-29T07:31:13+00:00","og_image":[{"width":1080,"height":1080,"url":"https:\/\/e-mazzoni.it\/wp-content\/uploads\/2025\/09\/CALENDARIO-AGGIORNATO-CON-FIERE-07.08.jpg","type":"image\/jpeg"}],"author":"Mazzoni","twitter_card":"summary_large_image","twitter_misc":{"Napisane przez":"Mazzoni"},"schema":{"@context":"https:\/\/schema.org","@graph":[{"@type":["Article","BlogPosting"],"@id":"https:\/\/e-mazzoni.it\/pl\/zaktualizowany-kalendarz-targow-sprawdz-gdzie-mozemy-sie-spotkac\/#article","isPartOf":{"@id":"https:\/\/e-mazzoni.it\/pl\/zaktualizowany-kalendarz-targow-sprawdz-gdzie-mozemy-sie-spotkac\/"},"author":{"name":"Mazzoni","@id":"https:\/\/e-mazzoni.it\/pl\/#\/schema\/person\/212c317234caca5e597cd36e69c693e8"},"headline":"Zaktualizowany Kalendarz Targ\u00f3w \u2013 Sprawd\u017a, Gdzie Mo\u017cemy Si\u0119 Spotka\u0107!","datePublished":"2025-09-29T07:25:02+00:00","dateModified":"2025-09-29T07:31:13+00:00","mainEntityOfPage":{"@id":"https:\/\/e-mazzoni.it\/pl\/zaktualizowany-kalendarz-targow-sprawdz-gdzie-mozemy-sie-spotkac\/"},"wordCount":65,"publisher":{"@id":"https:\/\/e-mazzoni.it\/pl\/#organization"},"image":{"@id":"https:\/\/e-mazzoni.it\/pl\/zaktualizowany-kalendarz-targow-sprawdz-gdzie-mozemy-sie-spotkac\/#primaryimage"},"thumbnailUrl":"https:\/\/e-mazzoni.it\/wp-content\/uploads\/2025\/09\/CALENDARIO-AGGIORNATO-CON-FIERE-07.08.jpg","inLanguage":"pl-PL"},{"@type":"WebPage","@id":"https:\/\/e-mazzoni.it\/pl\/zaktualizowany-kalendarz-targow-sprawdz-gdzie-mozemy-sie-spotkac\/","url":"https:\/\/e-mazzoni.it\/pl\/zaktualizowany-kalendarz-targow-sprawdz-gdzie-mozemy-sie-spotkac\/","name":"Zaktualizowany Kalendarz Targ\u00f3w \u2013 Sprawd\u017a, Gdzie Mo\u017cemy Si\u0119 Spotka\u0107! - Mazzoni","isPartOf":{"@id":"https:\/\/e-mazzoni.it\/pl\/#website"},"primaryImageOfPage":{"@id":"https:\/\/e-mazzoni.it\/pl\/zaktualizowany-kalendarz-targow-sprawdz-gdzie-mozemy-sie-spotkac\/#primaryimage"},"image":{"@id":"https:\/\/e-mazzoni.it\/pl\/zaktualizowany-kalendarz-targow-sprawdz-gdzie-mozemy-sie-spotkac\/#primaryimage"},"thumbnailUrl":"https:\/\/e-mazzoni.it\/wp-content\/uploads\/2025\/09\/CALENDARIO-AGGIORNATO-CON-FIERE-07.08.jpg","datePublished":"2025-09-29T07:25:02+00:00","dateModified":"2025-09-29T07:31:13+00:00","breadcrumb":{"@id":"https:\/\/e-mazzoni.it\/pl\/zaktualizowany-kalendarz-targow-sprawdz-gdzie-mozemy-sie-spotkac\/#breadcrumb"},"inLanguage":"pl-PL","potentialAction":[{"@type":"ReadAction","target":["https:\/\/e-mazzoni.it\/pl\/zaktualizowany-kalendarz-targow-sprawdz-gdzie-mozemy-sie-spotkac\/"]}]},{"@type":"ImageObject","inLanguage":"pl-PL","@id":"https:\/\/e-mazzoni.it\/pl\/zaktualizowany-kalendarz-targow-sprawdz-gdzie-mozemy-sie-spotkac\/#primaryimage","url":"https:\/\/e-mazzoni.it\/wp-content\/uploads\/2025\/09\/CALENDARIO-AGGIORNATO-CON-FIERE-07.08.jpg","contentUrl":"https:\/\/e-mazzoni.it\/wp-content\/uploads\/2025\/09\/CALENDARIO-AGGIORNATO-CON-FIERE-07.08.jpg","width":1080,"height":1080},{"@type":"BreadcrumbList","@id":"https:\/\/e-mazzoni.it\/pl\/zaktualizowany-kalendarz-targow-sprawdz-gdzie-mozemy-sie-spotkac\/#breadcrumb","itemListElement":[{"@type":"ListItem","position":1,"name":"Home","item":"https:\/\/e-mazzoni.it\/pl\/"},{"@type":"ListItem","position":2,"name":"Zaktualizowany Kalendarz Targ\u00f3w \u2013 Sprawd\u017a, Gdzie Mo\u017cemy Si\u0119 Spotka\u0107!"}]},{"@type":"WebSite","@id":"https:\/\/e-mazzoni.it\/pl\/#website","url":"https:\/\/e-mazzoni.it\/pl\/","name":"Mazzoni","description":"Mazzoni","publisher":{"@id":"https:\/\/e-mazzoni.it\/pl\/#organization"},"potentialAction":[{"@type":"SearchAction","target":{"@type":"EntryPoint","urlTemplate":"https:\/\/e-mazzoni.it\/pl\/?s={search_term_string}"},"query-input":{"@type":"PropertyValueSpecification","valueRequired":true,"valueName":"search_term_string"}}],"inLanguage":"pl-PL"},{"@type":"Organization","@id":"https:\/\/e-mazzoni.it\/pl\/#organization","name":"Mazzoni","url":"https:\/\/e-mazzoni.it\/pl\/","logo":{"@type":"ImageObject","inLanguage":"pl-PL","@id":"https:\/\/e-mazzoni.it\/pl\/#\/schema\/logo\/image\/","url":"https:\/\/e-mazzoni.it\/wp-content\/uploads\/2023\/07\/logo.png","contentUrl":"https:\/\/e-mazzoni.it\/wp-content\/uploads\/2023\/07\/logo.png","width":250,"height":109,"caption":"Mazzoni"},"image":{"@id":"https:\/\/e-mazzoni.it\/pl\/#\/schema\/logo\/image\/"}},{"@type":"Person","@id":"https:\/\/e-mazzoni.it\/pl\/#\/schema\/person\/212c317234caca5e597cd36e69c693e8","name":"Mazzoni","image":{"@type":"ImageObject","inLanguage":"pl-PL","@id":"https:\/\/secure.gravatar.com\/avatar\/e97460b47aab710db4039889fa011c449bf578ae910b993b75e3eb458539463b?s=96&d=mm&r=g","url":"https:\/\/secure.gravatar.com\/avatar\/e97460b47aab710db4039889fa011c449bf578ae910b993b75e3eb458539463b?s=96&d=mm&r=g","contentUrl":"https:\/\/secure.gravatar.com\/avatar\/e97460b47aab710db4039889fa011c449bf578ae910b993b75e3eb458539463b?s=96&d=mm&r=g","caption":"Mazzoni"},"url":"https:\/\/e-mazzoni.it\/pl\/author\/mazzoni\/"}]}},"_links":{"self":[{"href":"https:\/\/e-mazzoni.it\/pl\/wp-json\/wp\/v2\/posts\/65262","targetHints":{"allow":["GET"]}}],"collection":[{"href":"https:\/\/e-mazzoni.it\/pl\/wp-json\/wp\/v2\/posts"}],"about":[{"href":"https:\/\/e-mazzoni.it\/pl\/wp-json\/wp\/v2\/types\/post"}],"author":[{"embeddable":true,"href":"https:\/\/e-mazzoni.it\/pl\/wp-json\/wp\/v2\/users\/4"}],"replies":[{"embeddable":true,"href":"https:\/\/e-mazzoni.it\/pl\/wp-json\/wp\/v2\/comments?post=65262"}],"version-history":[{"count":1,"href":"https:\/\/e-mazzoni.it\/pl\/wp-json\/wp\/v2\/posts\/65262\/revisions"}],"predecessor-version":[{"id":65263,"href":"https:\/\/e-mazzoni.it\/pl\/wp-json\/wp\/v2\/posts\/65262\/revisions\/65263"}],"wp:featuredmedia":[{"embeddable":true,"href":"https:\/\/e-mazzoni.it\/pl\/wp-json\/wp\/v2\/media\/65251"}],"wp:attachment":[{"href":"https:\/\/e-mazzoni.it\/pl\/wp-json\/wp\/v2\/media?parent=65262"}],"wp:term":[{"taxonomy":"category","embeddable":true,"href":"https:\/\/e-mazzoni.it\/pl\/wp-json\/wp\/v2\/categories?post=65262"},{"taxonomy":"post_tag","embeddable":true,"href":"https:\/\/e-mazzoni.it\/pl\/wp-json\/wp\/v2\/tags?post=65262"}],"curies":[{"name":"wp","href":"https:\/\/api.w.org\/{rel}","templated":true}]}}