{"id":58718,"date":"2025-04-04T15:24:18","date_gmt":"2025-04-04T15:24:18","guid":{"rendered":"https:\/\/e-mazzoni.it\/bauma-2025-monaco-germany\/"},"modified":"2025-06-25T06:22:13","modified_gmt":"2025-06-25T06:22:13","slug":"bauma-2025-monaco-germany","status":"publish","type":"post","link":"https:\/\/e-mazzoni.it\/pl\/bauma-2025-monaco-germany\/","title":{"rendered":"Bauma 2025 &#8211; Monachium, Niemcy"},"content":{"rendered":"\n<p><strong>Do\u0142\u0105cz do nas na targach Bauma 2025 \u2013 Monachium, Niemcy!<\/strong><\/p>\n\n<p><strong>Szanowni Klienci,<\/strong><\/p>\n\n<p>Z przyjemno\u015bci\u0105 zapraszamy Pa\u0144stwa do odwiedzenia nas na targach <strong>Bauma 2025<\/strong> , wiod\u0105cych na \u015bwiecie targach bran\u017cy budowlanej, materia\u0142\u00f3w budowlanych i g\u00f3rnictwa.<\/p>\n\n<p>\ud83d\udccd <strong>Znajdziecie nas w Hali A1, stoisko 527<\/strong><\/p>\n\n<p>Ch\u0119tnie zaprezentujemy Pa\u0144stwu nasze najnowsze produkty i innowacje. Nasz zesp\u00f3\u0142 b\u0119dzie do Pa\u0144stwa dyspozycji, aby om\u00f3wi\u0107, w jaki spos\u00f3b mo\u017cemy wesprze\u0107 Pa\u0144stwa cele biznesowe. Niezale\u017cnie od tego, czy szukasz nowych rozwi\u0105za\u0144, czy po prostu jeste\u015b zainteresowany zapoznaniem si\u0119 z nasz\u0105 ofert\u0105, ch\u0119tnie spotkamy si\u0119 z Tob\u0105.  <\/p>\n\n<p>Czekamy na Pa\u0144stwa na targach Bauma i b\u0119dziemy mieli okazj\u0119 pozna\u0107 Pa\u0144stwa osobi\u015bcie!<\/p>\n\n<p>Odwied\u017a nasz\u0105 stron\u0119 docelow\u0105:<br\/>https:\/\/highpressurepumps.e-mazzoni.it\/<\/p>\n\n<p><strong>Z wyrazami szacunku,<\/strong><\/p>\n","protected":false},"excerpt":{"rendered":"<p>Do\u0142\u0105cz do nas na targach Bauma 2025 \u2013 Monachium, Niemcy! Szanowni Klienci, Z przyjemno\u015bci\u0105 zapraszamy Pa\u0144stwa do odwiedzenia nas na targach Bauma 2025 , wiod\u0105cych na \u015bwiecie targach bran\u017cy budowlanej, materia\u0142\u00f3w budowlanych i g\u00f3rnictwa. \ud83d\udccd Znajdziecie nas w Hali A1, stoisko 527 Ch\u0119tnie zaprezentujemy Pa\u0144stwu nasze najnowsze produkty i innowacje. Nasz zesp\u00f3\u0142 b\u0119dzie do Pa\u0144stwa [&hellip;]<\/p>\n","protected":false},"author":4,"featured_media":57615,"comment_status":"closed","ping_status":"open","sticky":false,"template":"","format":"standard","meta":{"zakra_page_container_layout":"customizer","zakra_page_sidebar_layout":"customizer","zakra_remove_content_margin":false,"zakra_sidebar":"customizer","zakra_transparent_header":"customizer","zakra_logo":0,"zakra_main_header_style":"default","zakra_menu_item_color":"","zakra_menu_item_hover_color":"","zakra_menu_item_active_color":"","zakra_menu_active_style":"","zakra_page_header":true,"footnotes":""},"categories":[4024,4023],"tags":[],"class_list":["post-58718","post","type-post","status-publish","format-standard","has-post-thumbnail","hentry","category-nowosci","category-wydarzenia"],"yoast_head":"<!-- This site is optimized with the Yoast SEO plugin v27.5 - https:\/\/yoast.com\/product\/yoast-seo-wordpress\/ -->\n<title>Bauma 2025 - Monachium, Niemcy - Mazzoni<\/title>\n<meta name=\"robots\" content=\"index, follow, max-snippet:-1, max-image-preview:large, max-video-preview:-1\" \/>\n<link rel=\"canonical\" href=\"https:\/\/e-mazzoni.it\/pl\/bauma-2025-monaco-germany\/\" \/>\n<meta property=\"og:locale\" content=\"pl_PL\" \/>\n<meta property=\"og:type\" content=\"article\" \/>\n<meta property=\"og:title\" content=\"Bauma 2025 - Monachium, Niemcy - Mazzoni\" \/>\n<meta property=\"og:description\" content=\"Do\u0142\u0105cz do nas na targach Bauma 2025 \u2013 Monachium, Niemcy! Szanowni Klienci, Z przyjemno\u015bci\u0105 zapraszamy Pa\u0144stwa do odwiedzenia nas na targach Bauma 2025 , wiod\u0105cych na \u015bwiecie targach bran\u017cy budowlanej, materia\u0142\u00f3w budowlanych i g\u00f3rnictwa. \ud83d\udccd Znajdziecie nas w Hali A1, stoisko 527 Ch\u0119tnie zaprezentujemy Pa\u0144stwu nasze najnowsze produkty i innowacje. Nasz zesp\u00f3\u0142 b\u0119dzie do Pa\u0144stwa [&hellip;]\" \/>\n<meta property=\"og:url\" content=\"https:\/\/e-mazzoni.it\/pl\/bauma-2025-monaco-germany\/\" \/>\n<meta property=\"og:site_name\" content=\"Mazzoni\" \/>\n<meta property=\"article:published_time\" content=\"2025-04-04T15:24:18+00:00\" \/>\n<meta property=\"article:modified_time\" content=\"2025-06-25T06:22:13+00:00\" \/>\n<meta property=\"og:image\" content=\"https:\/\/e-mazzoni.it\/wp-content\/uploads\/2025\/04\/BAUMA-2025-1-facebook-1024x575.png\" \/>\n\t<meta property=\"og:image:width\" content=\"1024\" \/>\n\t<meta property=\"og:image:height\" content=\"575\" \/>\n\t<meta property=\"og:image:type\" content=\"image\/png\" \/>\n<meta name=\"author\" content=\"Mazzoni\" \/>\n<meta name=\"twitter:card\" content=\"summary_large_image\" \/>\n<meta name=\"twitter:label1\" content=\"Napisane przez\" \/>\n\t<meta name=\"twitter:data1\" content=\"Mazzoni\" \/>\n\t<meta name=\"twitter:label2\" content=\"Szacowany czas czytania\" \/>\n\t<meta name=\"twitter:data2\" content=\"1 minuta\" \/>\n<!-- \/ Yoast SEO plugin. -->","yoast_head_json":{"title":"Bauma 2025 - Monachium, Niemcy - Mazzoni","robots":{"index":"index","follow":"follow","max-snippet":"max-snippet:-1","max-image-preview":"max-image-preview:large","max-video-preview":"max-video-preview:-1"},"canonical":"https:\/\/e-mazzoni.it\/pl\/bauma-2025-monaco-germany\/","og_locale":"pl_PL","og_type":"article","og_title":"Bauma 2025 - Monachium, Niemcy - Mazzoni","og_description":"Do\u0142\u0105cz do nas na targach Bauma 2025 \u2013 Monachium, Niemcy! Szanowni Klienci, Z przyjemno\u015bci\u0105 zapraszamy Pa\u0144stwa do odwiedzenia nas na targach Bauma 2025 , wiod\u0105cych na \u015bwiecie targach bran\u017cy budowlanej, materia\u0142\u00f3w budowlanych i g\u00f3rnictwa. \ud83d\udccd Znajdziecie nas w Hali A1, stoisko 527 Ch\u0119tnie zaprezentujemy Pa\u0144stwu nasze najnowsze produkty i innowacje. Nasz zesp\u00f3\u0142 b\u0119dzie do Pa\u0144stwa [&hellip;]","og_url":"https:\/\/e-mazzoni.it\/pl\/bauma-2025-monaco-germany\/","og_site_name":"Mazzoni","article_published_time":"2025-04-04T15:24:18+00:00","article_modified_time":"2025-06-25T06:22:13+00:00","og_image":[{"width":1024,"height":575,"url":"https:\/\/e-mazzoni.it\/wp-content\/uploads\/2025\/04\/BAUMA-2025-1-facebook-1024x575.png","type":"image\/png"}],"author":"Mazzoni","twitter_card":"summary_large_image","twitter_misc":{"Napisane przez":"Mazzoni","Szacowany czas czytania":"1 minuta"},"schema":{"@context":"https:\/\/schema.org","@graph":[{"@type":["Article","BlogPosting"],"@id":"https:\/\/e-mazzoni.it\/pl\/bauma-2025-monaco-germany\/#article","isPartOf":{"@id":"https:\/\/e-mazzoni.it\/pl\/bauma-2025-monaco-germany\/"},"author":{"name":"Mazzoni","@id":"https:\/\/e-mazzoni.it\/pl\/#\/schema\/person\/212c317234caca5e597cd36e69c693e8"},"headline":"Bauma 2025 &#8211; Monachium, Niemcy","datePublished":"2025-04-04T15:24:18+00:00","dateModified":"2025-06-25T06:22:13+00:00","mainEntityOfPage":{"@id":"https:\/\/e-mazzoni.it\/pl\/bauma-2025-monaco-germany\/"},"wordCount":132,"publisher":{"@id":"https:\/\/e-mazzoni.it\/pl\/#organization"},"image":{"@id":"https:\/\/e-mazzoni.it\/pl\/bauma-2025-monaco-germany\/#primaryimage"},"thumbnailUrl":"https:\/\/e-mazzoni.it\/wp-content\/uploads\/2025\/04\/BAUMA-2025-1-facebook.png","articleSection":["Nowo\u015bci","Wydarzenia"],"inLanguage":"pl-PL"},{"@type":"WebPage","@id":"https:\/\/e-mazzoni.it\/pl\/bauma-2025-monaco-germany\/","url":"https:\/\/e-mazzoni.it\/pl\/bauma-2025-monaco-germany\/","name":"Bauma 2025 - Monachium, Niemcy - Mazzoni","isPartOf":{"@id":"https:\/\/e-mazzoni.it\/pl\/#website"},"primaryImageOfPage":{"@id":"https:\/\/e-mazzoni.it\/pl\/bauma-2025-monaco-germany\/#primaryimage"},"image":{"@id":"https:\/\/e-mazzoni.it\/pl\/bauma-2025-monaco-germany\/#primaryimage"},"thumbnailUrl":"https:\/\/e-mazzoni.it\/wp-content\/uploads\/2025\/04\/BAUMA-2025-1-facebook.png","datePublished":"2025-04-04T15:24:18+00:00","dateModified":"2025-06-25T06:22:13+00:00","breadcrumb":{"@id":"https:\/\/e-mazzoni.it\/pl\/bauma-2025-monaco-germany\/#breadcrumb"},"inLanguage":"pl-PL","potentialAction":[{"@type":"ReadAction","target":["https:\/\/e-mazzoni.it\/pl\/bauma-2025-monaco-germany\/"]}]},{"@type":"ImageObject","inLanguage":"pl-PL","@id":"https:\/\/e-mazzoni.it\/pl\/bauma-2025-monaco-germany\/#primaryimage","url":"https:\/\/e-mazzoni.it\/wp-content\/uploads\/2025\/04\/BAUMA-2025-1-facebook.png","contentUrl":"https:\/\/e-mazzoni.it\/wp-content\/uploads\/2025\/04\/BAUMA-2025-1-facebook.png","width":2048,"height":1149},{"@type":"BreadcrumbList","@id":"https:\/\/e-mazzoni.it\/pl\/bauma-2025-monaco-germany\/#breadcrumb","itemListElement":[{"@type":"ListItem","position":1,"name":"Home","item":"https:\/\/e-mazzoni.it\/pl\/"},{"@type":"ListItem","position":2,"name":"Bauma 2025 &#8211; Monachium, Niemcy"}]},{"@type":"WebSite","@id":"https:\/\/e-mazzoni.it\/pl\/#website","url":"https:\/\/e-mazzoni.it\/pl\/","name":"Mazzoni","description":"Mazzoni","publisher":{"@id":"https:\/\/e-mazzoni.it\/pl\/#organization"},"potentialAction":[{"@type":"SearchAction","target":{"@type":"EntryPoint","urlTemplate":"https:\/\/e-mazzoni.it\/pl\/?s={search_term_string}"},"query-input":{"@type":"PropertyValueSpecification","valueRequired":true,"valueName":"search_term_string"}}],"inLanguage":"pl-PL"},{"@type":"Organization","@id":"https:\/\/e-mazzoni.it\/pl\/#organization","name":"Mazzoni","url":"https:\/\/e-mazzoni.it\/pl\/","logo":{"@type":"ImageObject","inLanguage":"pl-PL","@id":"https:\/\/e-mazzoni.it\/pl\/#\/schema\/logo\/image\/","url":"https:\/\/e-mazzoni.it\/wp-content\/uploads\/2023\/07\/logo.png","contentUrl":"https:\/\/e-mazzoni.it\/wp-content\/uploads\/2023\/07\/logo.png","width":250,"height":109,"caption":"Mazzoni"},"image":{"@id":"https:\/\/e-mazzoni.it\/pl\/#\/schema\/logo\/image\/"}},{"@type":"Person","@id":"https:\/\/e-mazzoni.it\/pl\/#\/schema\/person\/212c317234caca5e597cd36e69c693e8","name":"Mazzoni","image":{"@type":"ImageObject","inLanguage":"pl-PL","@id":"https:\/\/secure.gravatar.com\/avatar\/e97460b47aab710db4039889fa011c449bf578ae910b993b75e3eb458539463b?s=96&d=mm&r=g","url":"https:\/\/secure.gravatar.com\/avatar\/e97460b47aab710db4039889fa011c449bf578ae910b993b75e3eb458539463b?s=96&d=mm&r=g","contentUrl":"https:\/\/secure.gravatar.com\/avatar\/e97460b47aab710db4039889fa011c449bf578ae910b993b75e3eb458539463b?s=96&d=mm&r=g","caption":"Mazzoni"},"url":"https:\/\/e-mazzoni.it\/pl\/author\/mazzoni\/"}]}},"_links":{"self":[{"href":"https:\/\/e-mazzoni.it\/pl\/wp-json\/wp\/v2\/posts\/58718","targetHints":{"allow":["GET"]}}],"collection":[{"href":"https:\/\/e-mazzoni.it\/pl\/wp-json\/wp\/v2\/posts"}],"about":[{"href":"https:\/\/e-mazzoni.it\/pl\/wp-json\/wp\/v2\/types\/post"}],"author":[{"embeddable":true,"href":"https:\/\/e-mazzoni.it\/pl\/wp-json\/wp\/v2\/users\/4"}],"replies":[{"embeddable":true,"href":"https:\/\/e-mazzoni.it\/pl\/wp-json\/wp\/v2\/comments?post=58718"}],"version-history":[{"count":6,"href":"https:\/\/e-mazzoni.it\/pl\/wp-json\/wp\/v2\/posts\/58718\/revisions"}],"predecessor-version":[{"id":60540,"href":"https:\/\/e-mazzoni.it\/pl\/wp-json\/wp\/v2\/posts\/58718\/revisions\/60540"}],"wp:featuredmedia":[{"embeddable":true,"href":"https:\/\/e-mazzoni.it\/pl\/wp-json\/wp\/v2\/media\/57615"}],"wp:attachment":[{"href":"https:\/\/e-mazzoni.it\/pl\/wp-json\/wp\/v2\/media?parent=58718"}],"wp:term":[{"taxonomy":"category","embeddable":true,"href":"https:\/\/e-mazzoni.it\/pl\/wp-json\/wp\/v2\/categories?post=58718"},{"taxonomy":"post_tag","embeddable":true,"href":"https:\/\/e-mazzoni.it\/pl\/wp-json\/wp\/v2\/tags?post=58718"}],"curies":[{"name":"wp","href":"https:\/\/api.w.org\/{rel}","templated":true}]}}