{"id":65258,"date":"2025-09-29T07:25:02","date_gmt":"2025-09-29T07:25:02","guid":{"rendered":"https:\/\/e-mazzoni.it\/calendrier-des-salons-mis-a-jour-decouvrez-ou-nous-rencontrer\/"},"modified":"2025-09-29T07:29:03","modified_gmt":"2025-09-29T07:29:03","slug":"calendrier-des-salons-mis-a-jour-decouvrez-ou-nous-rencontrer","status":"publish","type":"post","link":"https:\/\/e-mazzoni.it\/fr\/calendrier-des-salons-mis-a-jour-decouvrez-ou-nous-rencontrer\/","title":{"rendered":"Calendrier des Salons Mis \u00e0 Jour \u2013 D\u00e9couvrez O\u00f9 Nous Rencontrer !"},"content":{"rendered":"\n<p>Notre <strong>calendrier des salons<\/strong> a \u00e9t\u00e9 mis \u00e0 jour !<br\/>Vous pouvez d\u00e9sormais consulter tous les prochains salons et \u00e9v\u00e9nements auxquels nous participerons.<\/p>\n\n<p>\ud83d\udc49<strong> D\u00e9couvrez le calendrier mis \u00e0 jour dans l\u2019image ci-dessus !<\/strong><\/p>\n\n<p>Nous serons ravis de vous rencontrer, d\u2019\u00e9changer et d\u2019explorer de nouvelles opportunit\u00e9s ensemble.<\/p>\n\n<p><strong>\u00c0 tr\u00e8s bient\u00f4t !<\/strong><br\/>Cordialement,<\/p>\n","protected":false},"excerpt":{"rendered":"<p>Notre calendrier des salons a \u00e9t\u00e9 mis \u00e0 jour !Vous pouvez d\u00e9sormais consulter tous les prochains salons et \u00e9v\u00e9nements auxquels nous participerons. \ud83d\udc49 D\u00e9couvrez le calendrier mis \u00e0 jour dans l\u2019image ci-dessus ! Nous serons ravis de vous rencontrer, d\u2019\u00e9changer et d\u2019explorer de nouvelles opportunit\u00e9s ensemble. \u00c0 tr\u00e8s bient\u00f4t !Cordialement,<\/p>\n","protected":false},"author":4,"featured_media":65249,"comment_status":"closed","ping_status":"open","sticky":false,"template":"","format":"standard","meta":{"zakra_page_container_layout":"customizer","zakra_page_sidebar_layout":"customizer","zakra_remove_content_margin":false,"zakra_sidebar":"customizer","zakra_transparent_header":"customizer","zakra_logo":0,"zakra_main_header_style":"default","zakra_menu_item_color":"","zakra_menu_item_hover_color":"","zakra_menu_item_active_color":"","zakra_menu_active_style":"","zakra_page_header":true,"footnotes":""},"categories":[674],"tags":[],"class_list":["post-65258","post","type-post","status-publish","format-standard","has-post-thumbnail","hentry","category-non-classifiee"],"yoast_head":"<!-- This site is optimized with the Yoast SEO plugin v27.5 - https:\/\/yoast.com\/product\/yoast-seo-wordpress\/ -->\n<title>Calendrier des Salons Mis \u00e0 Jour \u2013 D\u00e9couvrez O\u00f9 Nous Rencontrer ! - Mazzoni<\/title>\n<meta name=\"robots\" content=\"index, follow, max-snippet:-1, max-image-preview:large, max-video-preview:-1\" \/>\n<link rel=\"canonical\" href=\"https:\/\/e-mazzoni.it\/fr\/calendrier-des-salons-mis-a-jour-decouvrez-ou-nous-rencontrer\/\" \/>\n<meta property=\"og:locale\" content=\"fr_FR\" \/>\n<meta property=\"og:type\" content=\"article\" \/>\n<meta property=\"og:title\" content=\"Calendrier des Salons Mis \u00e0 Jour \u2013 D\u00e9couvrez O\u00f9 Nous Rencontrer ! - Mazzoni\" \/>\n<meta property=\"og:description\" content=\"Notre calendrier des salons a \u00e9t\u00e9 mis \u00e0 jour !Vous pouvez d\u00e9sormais consulter tous les prochains salons et \u00e9v\u00e9nements auxquels nous participerons. \ud83d\udc49 D\u00e9couvrez le calendrier mis \u00e0 jour dans l\u2019image ci-dessus ! Nous serons ravis de vous rencontrer, d\u2019\u00e9changer et d\u2019explorer de nouvelles opportunit\u00e9s ensemble. \u00c0 tr\u00e8s bient\u00f4t !Cordialement,\" \/>\n<meta property=\"og:url\" content=\"https:\/\/e-mazzoni.it\/fr\/calendrier-des-salons-mis-a-jour-decouvrez-ou-nous-rencontrer\/\" \/>\n<meta property=\"og:site_name\" content=\"Mazzoni\" \/>\n<meta property=\"article:published_time\" content=\"2025-09-29T07:25:02+00:00\" \/>\n<meta property=\"article:modified_time\" content=\"2025-09-29T07:29:03+00:00\" \/>\n<meta property=\"og:image\" content=\"https:\/\/e-mazzoni.it\/wp-content\/uploads\/2025\/09\/CALENDARIO-AGGIORNATO-CON-FIERE-07.08.jpg\" \/>\n\t<meta property=\"og:image:width\" content=\"1080\" \/>\n\t<meta property=\"og:image:height\" content=\"1080\" \/>\n\t<meta property=\"og:image:type\" content=\"image\/jpeg\" \/>\n<meta name=\"author\" content=\"Mazzoni\" \/>\n<meta name=\"twitter:card\" content=\"summary_large_image\" \/>\n<meta name=\"twitter:label1\" content=\"\u00c9crit par\" \/>\n\t<meta name=\"twitter:data1\" content=\"Mazzoni\" \/>\n<!-- \/ Yoast SEO plugin. -->","yoast_head_json":{"title":"Calendrier des Salons Mis \u00e0 Jour \u2013 D\u00e9couvrez O\u00f9 Nous Rencontrer ! - Mazzoni","robots":{"index":"index","follow":"follow","max-snippet":"max-snippet:-1","max-image-preview":"max-image-preview:large","max-video-preview":"max-video-preview:-1"},"canonical":"https:\/\/e-mazzoni.it\/fr\/calendrier-des-salons-mis-a-jour-decouvrez-ou-nous-rencontrer\/","og_locale":"fr_FR","og_type":"article","og_title":"Calendrier des Salons Mis \u00e0 Jour \u2013 D\u00e9couvrez O\u00f9 Nous Rencontrer ! - Mazzoni","og_description":"Notre calendrier des salons a \u00e9t\u00e9 mis \u00e0 jour !Vous pouvez d\u00e9sormais consulter tous les prochains salons et \u00e9v\u00e9nements auxquels nous participerons. \ud83d\udc49 D\u00e9couvrez le calendrier mis \u00e0 jour dans l\u2019image ci-dessus ! Nous serons ravis de vous rencontrer, d\u2019\u00e9changer et d\u2019explorer de nouvelles opportunit\u00e9s ensemble. \u00c0 tr\u00e8s bient\u00f4t !Cordialement,","og_url":"https:\/\/e-mazzoni.it\/fr\/calendrier-des-salons-mis-a-jour-decouvrez-ou-nous-rencontrer\/","og_site_name":"Mazzoni","article_published_time":"2025-09-29T07:25:02+00:00","article_modified_time":"2025-09-29T07:29:03+00:00","og_image":[{"width":1080,"height":1080,"url":"https:\/\/e-mazzoni.it\/wp-content\/uploads\/2025\/09\/CALENDARIO-AGGIORNATO-CON-FIERE-07.08.jpg","type":"image\/jpeg"}],"author":"Mazzoni","twitter_card":"summary_large_image","twitter_misc":{"\u00c9crit par":"Mazzoni"},"schema":{"@context":"https:\/\/schema.org","@graph":[{"@type":["Article","BlogPosting"],"@id":"https:\/\/e-mazzoni.it\/fr\/calendrier-des-salons-mis-a-jour-decouvrez-ou-nous-rencontrer\/#article","isPartOf":{"@id":"https:\/\/e-mazzoni.it\/fr\/calendrier-des-salons-mis-a-jour-decouvrez-ou-nous-rencontrer\/"},"author":{"name":"Mazzoni","@id":"https:\/\/e-mazzoni.it\/fr\/#\/schema\/person\/212c317234caca5e597cd36e69c693e8"},"headline":"Calendrier des Salons Mis \u00e0 Jour \u2013 D\u00e9couvrez O\u00f9 Nous Rencontrer !","datePublished":"2025-09-29T07:25:02+00:00","dateModified":"2025-09-29T07:29:03+00:00","mainEntityOfPage":{"@id":"https:\/\/e-mazzoni.it\/fr\/calendrier-des-salons-mis-a-jour-decouvrez-ou-nous-rencontrer\/"},"wordCount":64,"publisher":{"@id":"https:\/\/e-mazzoni.it\/fr\/#organization"},"image":{"@id":"https:\/\/e-mazzoni.it\/fr\/calendrier-des-salons-mis-a-jour-decouvrez-ou-nous-rencontrer\/#primaryimage"},"thumbnailUrl":"https:\/\/e-mazzoni.it\/wp-content\/uploads\/2025\/09\/CALENDARIO-AGGIORNATO-CON-FIERE-07.08.jpg","articleSection":["Non classifi\u00e9(e)"],"inLanguage":"fr-FR"},{"@type":"WebPage","@id":"https:\/\/e-mazzoni.it\/fr\/calendrier-des-salons-mis-a-jour-decouvrez-ou-nous-rencontrer\/","url":"https:\/\/e-mazzoni.it\/fr\/calendrier-des-salons-mis-a-jour-decouvrez-ou-nous-rencontrer\/","name":"Calendrier des Salons Mis \u00e0 Jour \u2013 D\u00e9couvrez O\u00f9 Nous Rencontrer ! - Mazzoni","isPartOf":{"@id":"https:\/\/e-mazzoni.it\/fr\/#website"},"primaryImageOfPage":{"@id":"https:\/\/e-mazzoni.it\/fr\/calendrier-des-salons-mis-a-jour-decouvrez-ou-nous-rencontrer\/#primaryimage"},"image":{"@id":"https:\/\/e-mazzoni.it\/fr\/calendrier-des-salons-mis-a-jour-decouvrez-ou-nous-rencontrer\/#primaryimage"},"thumbnailUrl":"https:\/\/e-mazzoni.it\/wp-content\/uploads\/2025\/09\/CALENDARIO-AGGIORNATO-CON-FIERE-07.08.jpg","datePublished":"2025-09-29T07:25:02+00:00","dateModified":"2025-09-29T07:29:03+00:00","breadcrumb":{"@id":"https:\/\/e-mazzoni.it\/fr\/calendrier-des-salons-mis-a-jour-decouvrez-ou-nous-rencontrer\/#breadcrumb"},"inLanguage":"fr-FR","potentialAction":[{"@type":"ReadAction","target":["https:\/\/e-mazzoni.it\/fr\/calendrier-des-salons-mis-a-jour-decouvrez-ou-nous-rencontrer\/"]}]},{"@type":"ImageObject","inLanguage":"fr-FR","@id":"https:\/\/e-mazzoni.it\/fr\/calendrier-des-salons-mis-a-jour-decouvrez-ou-nous-rencontrer\/#primaryimage","url":"https:\/\/e-mazzoni.it\/wp-content\/uploads\/2025\/09\/CALENDARIO-AGGIORNATO-CON-FIERE-07.08.jpg","contentUrl":"https:\/\/e-mazzoni.it\/wp-content\/uploads\/2025\/09\/CALENDARIO-AGGIORNATO-CON-FIERE-07.08.jpg","width":1080,"height":1080},{"@type":"BreadcrumbList","@id":"https:\/\/e-mazzoni.it\/fr\/calendrier-des-salons-mis-a-jour-decouvrez-ou-nous-rencontrer\/#breadcrumb","itemListElement":[{"@type":"ListItem","position":1,"name":"Home","item":"https:\/\/e-mazzoni.it\/fr\/"},{"@type":"ListItem","position":2,"name":"Calendrier des Salons Mis \u00e0 Jour \u2013 D\u00e9couvrez O\u00f9 Nous Rencontrer !"}]},{"@type":"WebSite","@id":"https:\/\/e-mazzoni.it\/fr\/#website","url":"https:\/\/e-mazzoni.it\/fr\/","name":"Mazzoni","description":"Mazzoni","publisher":{"@id":"https:\/\/e-mazzoni.it\/fr\/#organization"},"potentialAction":[{"@type":"SearchAction","target":{"@type":"EntryPoint","urlTemplate":"https:\/\/e-mazzoni.it\/fr\/?s={search_term_string}"},"query-input":{"@type":"PropertyValueSpecification","valueRequired":true,"valueName":"search_term_string"}}],"inLanguage":"fr-FR"},{"@type":"Organization","@id":"https:\/\/e-mazzoni.it\/fr\/#organization","name":"Mazzoni","url":"https:\/\/e-mazzoni.it\/fr\/","logo":{"@type":"ImageObject","inLanguage":"fr-FR","@id":"https:\/\/e-mazzoni.it\/fr\/#\/schema\/logo\/image\/","url":"https:\/\/e-mazzoni.it\/wp-content\/uploads\/2023\/07\/logo.png","contentUrl":"https:\/\/e-mazzoni.it\/wp-content\/uploads\/2023\/07\/logo.png","width":250,"height":109,"caption":"Mazzoni"},"image":{"@id":"https:\/\/e-mazzoni.it\/fr\/#\/schema\/logo\/image\/"}},{"@type":"Person","@id":"https:\/\/e-mazzoni.it\/fr\/#\/schema\/person\/212c317234caca5e597cd36e69c693e8","name":"Mazzoni","image":{"@type":"ImageObject","inLanguage":"fr-FR","@id":"https:\/\/secure.gravatar.com\/avatar\/e97460b47aab710db4039889fa011c449bf578ae910b993b75e3eb458539463b?s=96&d=mm&r=g","url":"https:\/\/secure.gravatar.com\/avatar\/e97460b47aab710db4039889fa011c449bf578ae910b993b75e3eb458539463b?s=96&d=mm&r=g","contentUrl":"https:\/\/secure.gravatar.com\/avatar\/e97460b47aab710db4039889fa011c449bf578ae910b993b75e3eb458539463b?s=96&d=mm&r=g","caption":"Mazzoni"},"url":"https:\/\/e-mazzoni.it\/fr\/author\/mazzoni\/"}]}},"_links":{"self":[{"href":"https:\/\/e-mazzoni.it\/fr\/wp-json\/wp\/v2\/posts\/65258","targetHints":{"allow":["GET"]}}],"collection":[{"href":"https:\/\/e-mazzoni.it\/fr\/wp-json\/wp\/v2\/posts"}],"about":[{"href":"https:\/\/e-mazzoni.it\/fr\/wp-json\/wp\/v2\/types\/post"}],"author":[{"embeddable":true,"href":"https:\/\/e-mazzoni.it\/fr\/wp-json\/wp\/v2\/users\/4"}],"replies":[{"embeddable":true,"href":"https:\/\/e-mazzoni.it\/fr\/wp-json\/wp\/v2\/comments?post=65258"}],"version-history":[{"count":1,"href":"https:\/\/e-mazzoni.it\/fr\/wp-json\/wp\/v2\/posts\/65258\/revisions"}],"predecessor-version":[{"id":65259,"href":"https:\/\/e-mazzoni.it\/fr\/wp-json\/wp\/v2\/posts\/65258\/revisions\/65259"}],"wp:featuredmedia":[{"embeddable":true,"href":"https:\/\/e-mazzoni.it\/fr\/wp-json\/wp\/v2\/media\/65249"}],"wp:attachment":[{"href":"https:\/\/e-mazzoni.it\/fr\/wp-json\/wp\/v2\/media?parent=65258"}],"wp:term":[{"taxonomy":"category","embeddable":true,"href":"https:\/\/e-mazzoni.it\/fr\/wp-json\/wp\/v2\/categories?post=65258"},{"taxonomy":"post_tag","embeddable":true,"href":"https:\/\/e-mazzoni.it\/fr\/wp-json\/wp\/v2\/tags?post=65258"}],"curies":[{"name":"wp","href":"https:\/\/api.w.org\/{rel}","templated":true}]}}