{"id":59323,"date":"2025-06-05T06:59:48","date_gmt":"2025-06-05T06:59:48","guid":{"rendered":"https:\/\/e-mazzoni.it\/calendrier-des-foires-2025-mis-a-jour\/"},"modified":"2025-06-06T12:20:03","modified_gmt":"2025-06-06T12:20:03","slug":"calendrier-des-foires-2025-mis-a-jour","status":"publish","type":"post","link":"https:\/\/e-mazzoni.it\/fr\/calendrier-des-foires-2025-mis-a-jour\/","title":{"rendered":"Calendrier des foires 2025 &#8211; Mis \u00e0 jour!"},"content":{"rendered":"\n<p>Nous avons mis \u00e0 jour notre <strong>calendrier des foires 2025<\/strong> !<br\/>Nous sommes heureux de confirmer notre participation aux principaux \u00e9v\u00e9nements du secteur.<\/p>\n\n<p>\ud83d\udccd<strong>Nouveau<\/strong> : une nouvelle \u00e9tape est ajout\u00e9e &#8211;<strong> Automechanika Dubai<\/strong>, en d\u00e9cembre!<br\/>Un rendez-vous important pour renforcer notre pr\u00e9sence dans un march\u00e9 en croissance continue.<\/p>\n\n<p>Nous vous attendons au salon pour vous rencontrer en personne, vous pr\u00e9senter nos nouveaut\u00e9s et partager de nouvelles opportunit\u00e9s !<\/p>\n\n<p><\/p>\n","protected":false},"excerpt":{"rendered":"<p>Nous avons mis \u00e0 jour notre calendrier des foires 2025 !Nous sommes heureux de confirmer notre participation aux principaux \u00e9v\u00e9nements du secteur. \ud83d\udccdNouveau : une nouvelle \u00e9tape est ajout\u00e9e &#8211; Automechanika Dubai, en d\u00e9cembre!Un rendez-vous important pour renforcer notre pr\u00e9sence dans un march\u00e9 en croissance continue. Nous vous attendons au salon pour vous rencontrer en [&hellip;]<\/p>\n","protected":false},"author":4,"featured_media":59313,"comment_status":"closed","ping_status":"open","sticky":false,"template":"","format":"standard","meta":{"zakra_page_container_layout":"customizer","zakra_page_sidebar_layout":"customizer","zakra_remove_content_margin":false,"zakra_sidebar":"customizer","zakra_transparent_header":"customizer","zakra_logo":0,"zakra_main_header_style":"default","zakra_menu_item_color":"","zakra_menu_item_hover_color":"","zakra_menu_item_active_color":"","zakra_menu_active_style":"","zakra_page_header":true,"footnotes":""},"categories":[4017,4018,674],"tags":[],"class_list":["post-59323","post","type-post","status-publish","format-standard","has-post-thumbnail","hentry","category-evenements","category-news-fr","category-non-classifiee"],"yoast_head":"<!-- This site is optimized with the Yoast SEO plugin v27.5 - https:\/\/yoast.com\/product\/yoast-seo-wordpress\/ -->\n<title>Calendrier des foires 2025 - Mis \u00e0 jour! - Mazzoni<\/title>\n<meta name=\"robots\" content=\"index, follow, max-snippet:-1, max-image-preview:large, max-video-preview:-1\" \/>\n<link rel=\"canonical\" href=\"https:\/\/e-mazzoni.it\/fr\/calendrier-des-foires-2025-mis-a-jour\/\" \/>\n<meta property=\"og:locale\" content=\"fr_FR\" \/>\n<meta property=\"og:type\" content=\"article\" \/>\n<meta property=\"og:title\" content=\"Calendrier des foires 2025 - Mis \u00e0 jour! - Mazzoni\" \/>\n<meta property=\"og:description\" content=\"Nous avons mis \u00e0 jour notre calendrier des foires 2025 !Nous sommes heureux de confirmer notre participation aux principaux \u00e9v\u00e9nements du secteur. \ud83d\udccdNouveau : une nouvelle \u00e9tape est ajout\u00e9e &#8211; Automechanika Dubai, en d\u00e9cembre!Un rendez-vous important pour renforcer notre pr\u00e9sence dans un march\u00e9 en croissance continue. Nous vous attendons au salon pour vous rencontrer en [&hellip;]\" \/>\n<meta property=\"og:url\" content=\"https:\/\/e-mazzoni.it\/fr\/calendrier-des-foires-2025-mis-a-jour\/\" \/>\n<meta property=\"og:site_name\" content=\"Mazzoni\" \/>\n<meta property=\"article:published_time\" content=\"2025-06-05T06:59:48+00:00\" \/>\n<meta property=\"article:modified_time\" content=\"2025-06-06T12:20:03+00:00\" \/>\n<meta property=\"og:image\" content=\"https:\/\/e-mazzoni.it\/wp-content\/uploads\/2025\/06\/newsletter.jpg\" \/>\n\t<meta property=\"og:image:width\" content=\"600\" \/>\n\t<meta property=\"og:image:height\" content=\"338\" \/>\n\t<meta property=\"og:image:type\" content=\"image\/jpeg\" \/>\n<meta name=\"author\" content=\"Mazzoni\" \/>\n<meta name=\"twitter:card\" content=\"summary_large_image\" \/>\n<meta name=\"twitter:label1\" content=\"\u00c9crit par\" \/>\n\t<meta name=\"twitter:data1\" content=\"Mazzoni\" \/>\n<!-- \/ Yoast SEO plugin. -->","yoast_head_json":{"title":"Calendrier des foires 2025 - Mis \u00e0 jour! - Mazzoni","robots":{"index":"index","follow":"follow","max-snippet":"max-snippet:-1","max-image-preview":"max-image-preview:large","max-video-preview":"max-video-preview:-1"},"canonical":"https:\/\/e-mazzoni.it\/fr\/calendrier-des-foires-2025-mis-a-jour\/","og_locale":"fr_FR","og_type":"article","og_title":"Calendrier des foires 2025 - Mis \u00e0 jour! - Mazzoni","og_description":"Nous avons mis \u00e0 jour notre calendrier des foires 2025 !Nous sommes heureux de confirmer notre participation aux principaux \u00e9v\u00e9nements du secteur. \ud83d\udccdNouveau : une nouvelle \u00e9tape est ajout\u00e9e &#8211; Automechanika Dubai, en d\u00e9cembre!Un rendez-vous important pour renforcer notre pr\u00e9sence dans un march\u00e9 en croissance continue. Nous vous attendons au salon pour vous rencontrer en [&hellip;]","og_url":"https:\/\/e-mazzoni.it\/fr\/calendrier-des-foires-2025-mis-a-jour\/","og_site_name":"Mazzoni","article_published_time":"2025-06-05T06:59:48+00:00","article_modified_time":"2025-06-06T12:20:03+00:00","og_image":[{"width":600,"height":338,"url":"https:\/\/e-mazzoni.it\/wp-content\/uploads\/2025\/06\/newsletter.jpg","type":"image\/jpeg"}],"author":"Mazzoni","twitter_card":"summary_large_image","twitter_misc":{"\u00c9crit par":"Mazzoni"},"schema":{"@context":"https:\/\/schema.org","@graph":[{"@type":["Article","BlogPosting"],"@id":"https:\/\/e-mazzoni.it\/fr\/calendrier-des-foires-2025-mis-a-jour\/#article","isPartOf":{"@id":"https:\/\/e-mazzoni.it\/fr\/calendrier-des-foires-2025-mis-a-jour\/"},"author":{"name":"Mazzoni","@id":"https:\/\/e-mazzoni.it\/fr\/#\/schema\/person\/212c317234caca5e597cd36e69c693e8"},"headline":"Calendrier des foires 2025 &#8211; Mis \u00e0 jour!","datePublished":"2025-06-05T06:59:48+00:00","dateModified":"2025-06-06T12:20:03+00:00","mainEntityOfPage":{"@id":"https:\/\/e-mazzoni.it\/fr\/calendrier-des-foires-2025-mis-a-jour\/"},"wordCount":76,"publisher":{"@id":"https:\/\/e-mazzoni.it\/fr\/#organization"},"image":{"@id":"https:\/\/e-mazzoni.it\/fr\/calendrier-des-foires-2025-mis-a-jour\/#primaryimage"},"thumbnailUrl":"https:\/\/e-mazzoni.it\/wp-content\/uploads\/2025\/06\/newsletter.jpg","articleSection":["\u00c9v\u00e9nements","News","Non classifi\u00e9(e)"],"inLanguage":"fr-FR"},{"@type":"WebPage","@id":"https:\/\/e-mazzoni.it\/fr\/calendrier-des-foires-2025-mis-a-jour\/","url":"https:\/\/e-mazzoni.it\/fr\/calendrier-des-foires-2025-mis-a-jour\/","name":"Calendrier des foires 2025 - Mis \u00e0 jour! - Mazzoni","isPartOf":{"@id":"https:\/\/e-mazzoni.it\/fr\/#website"},"primaryImageOfPage":{"@id":"https:\/\/e-mazzoni.it\/fr\/calendrier-des-foires-2025-mis-a-jour\/#primaryimage"},"image":{"@id":"https:\/\/e-mazzoni.it\/fr\/calendrier-des-foires-2025-mis-a-jour\/#primaryimage"},"thumbnailUrl":"https:\/\/e-mazzoni.it\/wp-content\/uploads\/2025\/06\/newsletter.jpg","datePublished":"2025-06-05T06:59:48+00:00","dateModified":"2025-06-06T12:20:03+00:00","breadcrumb":{"@id":"https:\/\/e-mazzoni.it\/fr\/calendrier-des-foires-2025-mis-a-jour\/#breadcrumb"},"inLanguage":"fr-FR","potentialAction":[{"@type":"ReadAction","target":["https:\/\/e-mazzoni.it\/fr\/calendrier-des-foires-2025-mis-a-jour\/"]}]},{"@type":"ImageObject","inLanguage":"fr-FR","@id":"https:\/\/e-mazzoni.it\/fr\/calendrier-des-foires-2025-mis-a-jour\/#primaryimage","url":"https:\/\/e-mazzoni.it\/wp-content\/uploads\/2025\/06\/newsletter.jpg","contentUrl":"https:\/\/e-mazzoni.it\/wp-content\/uploads\/2025\/06\/newsletter.jpg","width":600,"height":338},{"@type":"BreadcrumbList","@id":"https:\/\/e-mazzoni.it\/fr\/calendrier-des-foires-2025-mis-a-jour\/#breadcrumb","itemListElement":[{"@type":"ListItem","position":1,"name":"Home","item":"https:\/\/e-mazzoni.it\/fr\/"},{"@type":"ListItem","position":2,"name":"Calendrier des foires 2025 &#8211; Mis \u00e0 jour!"}]},{"@type":"WebSite","@id":"https:\/\/e-mazzoni.it\/fr\/#website","url":"https:\/\/e-mazzoni.it\/fr\/","name":"Mazzoni","description":"Mazzoni","publisher":{"@id":"https:\/\/e-mazzoni.it\/fr\/#organization"},"potentialAction":[{"@type":"SearchAction","target":{"@type":"EntryPoint","urlTemplate":"https:\/\/e-mazzoni.it\/fr\/?s={search_term_string}"},"query-input":{"@type":"PropertyValueSpecification","valueRequired":true,"valueName":"search_term_string"}}],"inLanguage":"fr-FR"},{"@type":"Organization","@id":"https:\/\/e-mazzoni.it\/fr\/#organization","name":"Mazzoni","url":"https:\/\/e-mazzoni.it\/fr\/","logo":{"@type":"ImageObject","inLanguage":"fr-FR","@id":"https:\/\/e-mazzoni.it\/fr\/#\/schema\/logo\/image\/","url":"https:\/\/e-mazzoni.it\/wp-content\/uploads\/2023\/07\/logo.png","contentUrl":"https:\/\/e-mazzoni.it\/wp-content\/uploads\/2023\/07\/logo.png","width":250,"height":109,"caption":"Mazzoni"},"image":{"@id":"https:\/\/e-mazzoni.it\/fr\/#\/schema\/logo\/image\/"}},{"@type":"Person","@id":"https:\/\/e-mazzoni.it\/fr\/#\/schema\/person\/212c317234caca5e597cd36e69c693e8","name":"Mazzoni","image":{"@type":"ImageObject","inLanguage":"fr-FR","@id":"https:\/\/secure.gravatar.com\/avatar\/e97460b47aab710db4039889fa011c449bf578ae910b993b75e3eb458539463b?s=96&d=mm&r=g","url":"https:\/\/secure.gravatar.com\/avatar\/e97460b47aab710db4039889fa011c449bf578ae910b993b75e3eb458539463b?s=96&d=mm&r=g","contentUrl":"https:\/\/secure.gravatar.com\/avatar\/e97460b47aab710db4039889fa011c449bf578ae910b993b75e3eb458539463b?s=96&d=mm&r=g","caption":"Mazzoni"},"url":"https:\/\/e-mazzoni.it\/fr\/author\/mazzoni\/"}]}},"_links":{"self":[{"href":"https:\/\/e-mazzoni.it\/fr\/wp-json\/wp\/v2\/posts\/59323","targetHints":{"allow":["GET"]}}],"collection":[{"href":"https:\/\/e-mazzoni.it\/fr\/wp-json\/wp\/v2\/posts"}],"about":[{"href":"https:\/\/e-mazzoni.it\/fr\/wp-json\/wp\/v2\/types\/post"}],"author":[{"embeddable":true,"href":"https:\/\/e-mazzoni.it\/fr\/wp-json\/wp\/v2\/users\/4"}],"replies":[{"embeddable":true,"href":"https:\/\/e-mazzoni.it\/fr\/wp-json\/wp\/v2\/comments?post=59323"}],"version-history":[{"count":1,"href":"https:\/\/e-mazzoni.it\/fr\/wp-json\/wp\/v2\/posts\/59323\/revisions"}],"predecessor-version":[{"id":59324,"href":"https:\/\/e-mazzoni.it\/fr\/wp-json\/wp\/v2\/posts\/59323\/revisions\/59324"}],"wp:featuredmedia":[{"embeddable":true,"href":"https:\/\/e-mazzoni.it\/fr\/wp-json\/wp\/v2\/media\/59313"}],"wp:attachment":[{"href":"https:\/\/e-mazzoni.it\/fr\/wp-json\/wp\/v2\/media?parent=59323"}],"wp:term":[{"taxonomy":"category","embeddable":true,"href":"https:\/\/e-mazzoni.it\/fr\/wp-json\/wp\/v2\/categories?post=59323"},{"taxonomy":"post_tag","embeddable":true,"href":"https:\/\/e-mazzoni.it\/fr\/wp-json\/wp\/v2\/tags?post=59323"}],"curies":[{"name":"wp","href":"https:\/\/api.w.org\/{rel}","templated":true}]}}