{"id":66631,"date":"2026-04-02T12:41:16","date_gmt":"2026-04-02T12:41:16","guid":{"rendered":"https:\/\/e-mazzoni.it\/cierre-por-las-vacaciones-de-pascua-2026\/"},"modified":"2026-04-02T12:51:16","modified_gmt":"2026-04-02T12:51:16","slug":"cierre-por-las-vacaciones-de-pascua-2026","status":"publish","type":"post","link":"https:\/\/e-mazzoni.it\/es\/cierre-por-las-vacaciones-de-pascua-2026\/","title":{"rendered":"Cierre por las vacaciones de Pascua 2026"},"content":{"rendered":"\n<p>Nos gustar\u00eda informarles que nuestras oficinas estar\u00e1n cerradas con motivo de las vacaciones de Pascua desde el 3 de abril hasta el 6 de abril (inclusive).<\/p>\n\n<p>Durante este per\u00edodo, nuestras operaciones estar\u00e1n temporalmente suspendidas. Todas las consultas y pedidos recibidos durante este tiempo ser\u00e1n procesados r\u00e1pidamente a nuestro regreso el 7 de abril. <\/p>\n\n<p>Tambi\u00e9n nos gustar\u00eda desearles una Feliz Pascua. Que esta temporada les traiga alegr\u00eda, paz y momentos agradables con sus seres queridos. <\/p>\n\n<p>Las operaciones comerciales normales se reanudar\u00e1n el 7 de abril.<\/p>\n\n<p>Gracias por su continua cooperaci\u00f3n.<\/p>\n\n<p>Atentamente,<\/p>\n\n<p><\/p>\n","protected":false},"excerpt":{"rendered":"<p>Nos gustar\u00eda informarles que nuestras oficinas estar\u00e1n cerradas con motivo de las vacaciones de Pascua desde el 3 de abril hasta el 6 de abril (inclusive). Durante este per\u00edodo, nuestras operaciones estar\u00e1n temporalmente suspendidas. Todas las consultas y pedidos recibidos durante este tiempo ser\u00e1n procesados r\u00e1pidamente a nuestro regreso el 7 de abril. Tambi\u00e9n nos [&hellip;]<\/p>\n","protected":false},"author":4,"featured_media":66617,"comment_status":"closed","ping_status":"open","sticky":false,"template":"","format":"standard","meta":{"zakra_page_container_layout":"customizer","zakra_page_sidebar_layout":"customizer","zakra_remove_content_margin":false,"zakra_sidebar":"customizer","zakra_transparent_header":"customizer","zakra_logo":0,"zakra_main_header_style":"default","zakra_menu_item_color":"","zakra_menu_item_hover_color":"","zakra_menu_item_active_color":"","zakra_menu_active_style":"","zakra_page_header":true,"footnotes":""},"categories":[4029,4030],"tags":[],"class_list":["post-66631","post","type-post","status-publish","format-standard","has-post-thumbnail","hentry","category-eventos","category-novedades"],"yoast_head":"<!-- This site is optimized with the Yoast SEO plugin v27.5 - https:\/\/yoast.com\/product\/yoast-seo-wordpress\/ -->\n<title>Cierre por las vacaciones de Pascua 2026 - Mazzoni<\/title>\n<meta name=\"robots\" content=\"index, follow, max-snippet:-1, max-image-preview:large, max-video-preview:-1\" \/>\n<link rel=\"canonical\" href=\"https:\/\/e-mazzoni.it\/es\/cierre-por-las-vacaciones-de-pascua-2026\/\" \/>\n<meta property=\"og:locale\" content=\"es_ES\" \/>\n<meta property=\"og:type\" content=\"article\" \/>\n<meta property=\"og:title\" content=\"Cierre por las vacaciones de Pascua 2026 - Mazzoni\" \/>\n<meta property=\"og:description\" content=\"Nos gustar\u00eda informarles que nuestras oficinas estar\u00e1n cerradas con motivo de las vacaciones de Pascua desde el 3 de abril hasta el 6 de abril (inclusive). Durante este per\u00edodo, nuestras operaciones estar\u00e1n temporalmente suspendidas. Todas las consultas y pedidos recibidos durante este tiempo ser\u00e1n procesados r\u00e1pidamente a nuestro regreso el 7 de abril. Tambi\u00e9n nos [&hellip;]\" \/>\n<meta property=\"og:url\" content=\"https:\/\/e-mazzoni.it\/es\/cierre-por-las-vacaciones-de-pascua-2026\/\" \/>\n<meta property=\"og:site_name\" content=\"Mazzoni\" \/>\n<meta property=\"article:published_time\" content=\"2026-04-02T12:41:16+00:00\" \/>\n<meta property=\"article:modified_time\" content=\"2026-04-02T12:51:16+00:00\" \/>\n<meta property=\"og:image\" content=\"https:\/\/e-mazzoni.it\/wp-content\/uploads\/2026\/04\/pasqua-ferie.png\" \/>\n\t<meta property=\"og:image:width\" content=\"1360\" \/>\n\t<meta property=\"og:image:height\" content=\"768\" \/>\n\t<meta property=\"og:image:type\" content=\"image\/png\" \/>\n<meta name=\"author\" content=\"Mazzoni\" \/>\n<meta name=\"twitter:card\" content=\"summary_large_image\" \/>\n<meta name=\"twitter:label1\" content=\"Escrito por\" \/>\n\t<meta name=\"twitter:data1\" content=\"Mazzoni\" \/>\n<!-- \/ Yoast SEO plugin. -->","yoast_head_json":{"title":"Cierre por las vacaciones de Pascua 2026 - Mazzoni","robots":{"index":"index","follow":"follow","max-snippet":"max-snippet:-1","max-image-preview":"max-image-preview:large","max-video-preview":"max-video-preview:-1"},"canonical":"https:\/\/e-mazzoni.it\/es\/cierre-por-las-vacaciones-de-pascua-2026\/","og_locale":"es_ES","og_type":"article","og_title":"Cierre por las vacaciones de Pascua 2026 - Mazzoni","og_description":"Nos gustar\u00eda informarles que nuestras oficinas estar\u00e1n cerradas con motivo de las vacaciones de Pascua desde el 3 de abril hasta el 6 de abril (inclusive). Durante este per\u00edodo, nuestras operaciones estar\u00e1n temporalmente suspendidas. Todas las consultas y pedidos recibidos durante este tiempo ser\u00e1n procesados r\u00e1pidamente a nuestro regreso el 7 de abril. Tambi\u00e9n nos [&hellip;]","og_url":"https:\/\/e-mazzoni.it\/es\/cierre-por-las-vacaciones-de-pascua-2026\/","og_site_name":"Mazzoni","article_published_time":"2026-04-02T12:41:16+00:00","article_modified_time":"2026-04-02T12:51:16+00:00","og_image":[{"width":1360,"height":768,"url":"https:\/\/e-mazzoni.it\/wp-content\/uploads\/2026\/04\/pasqua-ferie.png","type":"image\/png"}],"author":"Mazzoni","twitter_card":"summary_large_image","twitter_misc":{"Escrito por":"Mazzoni"},"schema":{"@context":"https:\/\/schema.org","@graph":[{"@type":["Article","BlogPosting"],"@id":"https:\/\/e-mazzoni.it\/es\/cierre-por-las-vacaciones-de-pascua-2026\/#article","isPartOf":{"@id":"https:\/\/e-mazzoni.it\/es\/cierre-por-las-vacaciones-de-pascua-2026\/"},"author":{"name":"Mazzoni","@id":"https:\/\/e-mazzoni.it\/es\/#\/schema\/person\/212c317234caca5e597cd36e69c693e8"},"headline":"Cierre por las vacaciones de Pascua 2026","datePublished":"2026-04-02T12:41:16+00:00","dateModified":"2026-04-02T12:51:16+00:00","mainEntityOfPage":{"@id":"https:\/\/e-mazzoni.it\/es\/cierre-por-las-vacaciones-de-pascua-2026\/"},"wordCount":103,"publisher":{"@id":"https:\/\/e-mazzoni.it\/es\/#organization"},"image":{"@id":"https:\/\/e-mazzoni.it\/es\/cierre-por-las-vacaciones-de-pascua-2026\/#primaryimage"},"thumbnailUrl":"https:\/\/e-mazzoni.it\/wp-content\/uploads\/2026\/04\/pasqua-ferie.png","articleSection":["Eventos","Novedades"],"inLanguage":"es"},{"@type":"WebPage","@id":"https:\/\/e-mazzoni.it\/es\/cierre-por-las-vacaciones-de-pascua-2026\/","url":"https:\/\/e-mazzoni.it\/es\/cierre-por-las-vacaciones-de-pascua-2026\/","name":"Cierre por las vacaciones de Pascua 2026 - Mazzoni","isPartOf":{"@id":"https:\/\/e-mazzoni.it\/es\/#website"},"primaryImageOfPage":{"@id":"https:\/\/e-mazzoni.it\/es\/cierre-por-las-vacaciones-de-pascua-2026\/#primaryimage"},"image":{"@id":"https:\/\/e-mazzoni.it\/es\/cierre-por-las-vacaciones-de-pascua-2026\/#primaryimage"},"thumbnailUrl":"https:\/\/e-mazzoni.it\/wp-content\/uploads\/2026\/04\/pasqua-ferie.png","datePublished":"2026-04-02T12:41:16+00:00","dateModified":"2026-04-02T12:51:16+00:00","breadcrumb":{"@id":"https:\/\/e-mazzoni.it\/es\/cierre-por-las-vacaciones-de-pascua-2026\/#breadcrumb"},"inLanguage":"es","potentialAction":[{"@type":"ReadAction","target":["https:\/\/e-mazzoni.it\/es\/cierre-por-las-vacaciones-de-pascua-2026\/"]}]},{"@type":"ImageObject","inLanguage":"es","@id":"https:\/\/e-mazzoni.it\/es\/cierre-por-las-vacaciones-de-pascua-2026\/#primaryimage","url":"https:\/\/e-mazzoni.it\/wp-content\/uploads\/2026\/04\/pasqua-ferie.png","contentUrl":"https:\/\/e-mazzoni.it\/wp-content\/uploads\/2026\/04\/pasqua-ferie.png","width":1360,"height":768},{"@type":"BreadcrumbList","@id":"https:\/\/e-mazzoni.it\/es\/cierre-por-las-vacaciones-de-pascua-2026\/#breadcrumb","itemListElement":[{"@type":"ListItem","position":1,"name":"Home","item":"https:\/\/e-mazzoni.it\/es\/"},{"@type":"ListItem","position":2,"name":"Cierre por las vacaciones de Pascua 2026"}]},{"@type":"WebSite","@id":"https:\/\/e-mazzoni.it\/es\/#website","url":"https:\/\/e-mazzoni.it\/es\/","name":"Mazzoni","description":"Mazzoni","publisher":{"@id":"https:\/\/e-mazzoni.it\/es\/#organization"},"potentialAction":[{"@type":"SearchAction","target":{"@type":"EntryPoint","urlTemplate":"https:\/\/e-mazzoni.it\/es\/?s={search_term_string}"},"query-input":{"@type":"PropertyValueSpecification","valueRequired":true,"valueName":"search_term_string"}}],"inLanguage":"es"},{"@type":"Organization","@id":"https:\/\/e-mazzoni.it\/es\/#organization","name":"Mazzoni","url":"https:\/\/e-mazzoni.it\/es\/","logo":{"@type":"ImageObject","inLanguage":"es","@id":"https:\/\/e-mazzoni.it\/es\/#\/schema\/logo\/image\/","url":"https:\/\/e-mazzoni.it\/wp-content\/uploads\/2023\/07\/logo.png","contentUrl":"https:\/\/e-mazzoni.it\/wp-content\/uploads\/2023\/07\/logo.png","width":250,"height":109,"caption":"Mazzoni"},"image":{"@id":"https:\/\/e-mazzoni.it\/es\/#\/schema\/logo\/image\/"}},{"@type":"Person","@id":"https:\/\/e-mazzoni.it\/es\/#\/schema\/person\/212c317234caca5e597cd36e69c693e8","name":"Mazzoni","image":{"@type":"ImageObject","inLanguage":"es","@id":"https:\/\/secure.gravatar.com\/avatar\/e97460b47aab710db4039889fa011c449bf578ae910b993b75e3eb458539463b?s=96&d=mm&r=g","url":"https:\/\/secure.gravatar.com\/avatar\/e97460b47aab710db4039889fa011c449bf578ae910b993b75e3eb458539463b?s=96&d=mm&r=g","contentUrl":"https:\/\/secure.gravatar.com\/avatar\/e97460b47aab710db4039889fa011c449bf578ae910b993b75e3eb458539463b?s=96&d=mm&r=g","caption":"Mazzoni"},"url":"https:\/\/e-mazzoni.it\/es\/author\/mazzoni\/"}]}},"_links":{"self":[{"href":"https:\/\/e-mazzoni.it\/es\/wp-json\/wp\/v2\/posts\/66631","targetHints":{"allow":["GET"]}}],"collection":[{"href":"https:\/\/e-mazzoni.it\/es\/wp-json\/wp\/v2\/posts"}],"about":[{"href":"https:\/\/e-mazzoni.it\/es\/wp-json\/wp\/v2\/types\/post"}],"author":[{"embeddable":true,"href":"https:\/\/e-mazzoni.it\/es\/wp-json\/wp\/v2\/users\/4"}],"replies":[{"embeddable":true,"href":"https:\/\/e-mazzoni.it\/es\/wp-json\/wp\/v2\/comments?post=66631"}],"version-history":[{"count":1,"href":"https:\/\/e-mazzoni.it\/es\/wp-json\/wp\/v2\/posts\/66631\/revisions"}],"predecessor-version":[{"id":66632,"href":"https:\/\/e-mazzoni.it\/es\/wp-json\/wp\/v2\/posts\/66631\/revisions\/66632"}],"wp:featuredmedia":[{"embeddable":true,"href":"https:\/\/e-mazzoni.it\/es\/wp-json\/wp\/v2\/media\/66617"}],"wp:attachment":[{"href":"https:\/\/e-mazzoni.it\/es\/wp-json\/wp\/v2\/media?parent=66631"}],"wp:term":[{"taxonomy":"category","embeddable":true,"href":"https:\/\/e-mazzoni.it\/es\/wp-json\/wp\/v2\/categories?post=66631"},{"taxonomy":"post_tag","embeddable":true,"href":"https:\/\/e-mazzoni.it\/es\/wp-json\/wp\/v2\/tags?post=66631"}],"curies":[{"name":"wp","href":"https:\/\/api.w.org\/{rel}","templated":true}]}}