{"id":66623,"date":"2026-04-02T12:41:16","date_gmt":"2026-04-02T12:41:16","guid":{"rendered":"https:\/\/e-mazzoni.it\/osterferien-schliessung-2026\/"},"modified":"2026-04-02T12:46:12","modified_gmt":"2026-04-02T12:46:12","slug":"osterferien-schliessung-2026","status":"publish","type":"post","link":"https:\/\/e-mazzoni.it\/de\/osterferien-schliessung-2026\/","title":{"rendered":"Osterferien-Schlie\u00dfung 2026"},"content":{"rendered":"\n<p>Wir m\u00f6chten Sie dar\u00fcber informieren, dass unsere B\u00fcros aufgrund der Osterfeiertage vom 3. April bis zum 6. April (einschlie\u00dflich) geschlossen sind.<\/p>\n\n<p>W\u00e4hrend dieses Zeitraums werden unsere Betriebsabl\u00e4ufe vor\u00fcbergehend ausgesetzt. Alle Anfragen und Bestellungen, die w\u00e4hrend dieser Zeit eingehen, werden nach unserer R\u00fcckkehr am 7. April umgehend bearbeitet. <\/p>\n\n<p>Wir m\u00f6chten Ihnen auch ein frohes Osterfest w\u00fcnschen. M\u00f6ge diese Saison Ihnen Freude, Frieden und sch\u00f6ne Momente mit Ihren Lieben bringen. <\/p>\n\n<p>Der normale Gesch\u00e4ftsbetrieb wird am 7. April wieder aufgenommen.<\/p>\n\n<p>Vielen Dank f\u00fcr Ihre fortw\u00e4hrende Zusammenarbeit.<\/p>\n\n<p>Mit freundlichen Gr\u00fc\u00dfen,<\/p>\n\n<p><\/p>\n","protected":false},"excerpt":{"rendered":"<p>Wir m\u00f6chten Sie dar\u00fcber informieren, dass unsere B\u00fcros aufgrund der Osterfeiertage vom 3. April bis zum 6. April (einschlie\u00dflich) geschlossen sind. W\u00e4hrend dieses Zeitraums werden unsere Betriebsabl\u00e4ufe vor\u00fcbergehend ausgesetzt. Alle Anfragen und Bestellungen, die w\u00e4hrend dieser Zeit eingehen, werden nach unserer R\u00fcckkehr am 7. April umgehend bearbeitet. Wir m\u00f6chten Ihnen auch ein frohes Osterfest w\u00fcnschen. [&hellip;]<\/p>\n","protected":false},"author":4,"featured_media":66613,"comment_status":"closed","ping_status":"open","sticky":false,"template":"","format":"standard","meta":{"zakra_page_container_layout":"customizer","zakra_page_sidebar_layout":"customizer","zakra_remove_content_margin":false,"zakra_sidebar":"customizer","zakra_transparent_header":"customizer","zakra_logo":0,"zakra_main_header_style":"default","zakra_menu_item_color":"","zakra_menu_item_hover_color":"","zakra_menu_item_active_color":"","zakra_menu_active_style":"","zakra_page_header":true,"footnotes":""},"categories":[4021,4020],"tags":[],"class_list":["post-66623","post","type-post","status-publish","format-standard","has-post-thumbnail","hentry","category-news-de","category-veranstaltungen"],"yoast_head":"<!-- This site is optimized with the Yoast SEO plugin v27.5 - https:\/\/yoast.com\/product\/yoast-seo-wordpress\/ -->\n<title>Osterferien-Schlie\u00dfung 2026 - Mazzoni<\/title>\n<meta name=\"robots\" content=\"index, follow, max-snippet:-1, max-image-preview:large, max-video-preview:-1\" \/>\n<link rel=\"canonical\" href=\"https:\/\/e-mazzoni.it\/de\/osterferien-schliessung-2026\/\" \/>\n<meta property=\"og:locale\" content=\"de_DE\" \/>\n<meta property=\"og:type\" content=\"article\" \/>\n<meta property=\"og:title\" content=\"Osterferien-Schlie\u00dfung 2026 - Mazzoni\" \/>\n<meta property=\"og:description\" content=\"Wir m\u00f6chten Sie dar\u00fcber informieren, dass unsere B\u00fcros aufgrund der Osterfeiertage vom 3. April bis zum 6. April (einschlie\u00dflich) geschlossen sind. W\u00e4hrend dieses Zeitraums werden unsere Betriebsabl\u00e4ufe vor\u00fcbergehend ausgesetzt. Alle Anfragen und Bestellungen, die w\u00e4hrend dieser Zeit eingehen, werden nach unserer R\u00fcckkehr am 7. April umgehend bearbeitet. Wir m\u00f6chten Ihnen auch ein frohes Osterfest w\u00fcnschen. [&hellip;]\" \/>\n<meta property=\"og:url\" content=\"https:\/\/e-mazzoni.it\/de\/osterferien-schliessung-2026\/\" \/>\n<meta property=\"og:site_name\" content=\"Mazzoni\" \/>\n<meta property=\"article:published_time\" content=\"2026-04-02T12:41:16+00:00\" \/>\n<meta property=\"article:modified_time\" content=\"2026-04-02T12:46:12+00:00\" \/>\n<meta property=\"og:image\" content=\"https:\/\/e-mazzoni.it\/wp-content\/uploads\/2026\/04\/pasqua-ferie.png\" \/>\n\t<meta property=\"og:image:width\" content=\"1360\" \/>\n\t<meta property=\"og:image:height\" content=\"768\" \/>\n\t<meta property=\"og:image:type\" content=\"image\/png\" \/>\n<meta name=\"author\" content=\"Mazzoni\" \/>\n<meta name=\"twitter:card\" content=\"summary_large_image\" \/>\n<meta name=\"twitter:label1\" content=\"Verfasst von\" \/>\n\t<meta name=\"twitter:data1\" content=\"Mazzoni\" \/>\n<!-- \/ Yoast SEO plugin. -->","yoast_head_json":{"title":"Osterferien-Schlie\u00dfung 2026 - Mazzoni","robots":{"index":"index","follow":"follow","max-snippet":"max-snippet:-1","max-image-preview":"max-image-preview:large","max-video-preview":"max-video-preview:-1"},"canonical":"https:\/\/e-mazzoni.it\/de\/osterferien-schliessung-2026\/","og_locale":"de_DE","og_type":"article","og_title":"Osterferien-Schlie\u00dfung 2026 - Mazzoni","og_description":"Wir m\u00f6chten Sie dar\u00fcber informieren, dass unsere B\u00fcros aufgrund der Osterfeiertage vom 3. April bis zum 6. April (einschlie\u00dflich) geschlossen sind. W\u00e4hrend dieses Zeitraums werden unsere Betriebsabl\u00e4ufe vor\u00fcbergehend ausgesetzt. Alle Anfragen und Bestellungen, die w\u00e4hrend dieser Zeit eingehen, werden nach unserer R\u00fcckkehr am 7. April umgehend bearbeitet. Wir m\u00f6chten Ihnen auch ein frohes Osterfest w\u00fcnschen. [&hellip;]","og_url":"https:\/\/e-mazzoni.it\/de\/osterferien-schliessung-2026\/","og_site_name":"Mazzoni","article_published_time":"2026-04-02T12:41:16+00:00","article_modified_time":"2026-04-02T12:46:12+00:00","og_image":[{"width":1360,"height":768,"url":"https:\/\/e-mazzoni.it\/wp-content\/uploads\/2026\/04\/pasqua-ferie.png","type":"image\/png"}],"author":"Mazzoni","twitter_card":"summary_large_image","twitter_misc":{"Verfasst von":"Mazzoni"},"schema":{"@context":"https:\/\/schema.org","@graph":[{"@type":["Article","BlogPosting"],"@id":"https:\/\/e-mazzoni.it\/de\/osterferien-schliessung-2026\/#article","isPartOf":{"@id":"https:\/\/e-mazzoni.it\/de\/osterferien-schliessung-2026\/"},"author":{"name":"Mazzoni","@id":"https:\/\/e-mazzoni.it\/de\/#\/schema\/person\/212c317234caca5e597cd36e69c693e8"},"headline":"Osterferien-Schlie\u00dfung 2026","datePublished":"2026-04-02T12:41:16+00:00","dateModified":"2026-04-02T12:46:12+00:00","mainEntityOfPage":{"@id":"https:\/\/e-mazzoni.it\/de\/osterferien-schliessung-2026\/"},"wordCount":101,"publisher":{"@id":"https:\/\/e-mazzoni.it\/de\/#organization"},"image":{"@id":"https:\/\/e-mazzoni.it\/de\/osterferien-schliessung-2026\/#primaryimage"},"thumbnailUrl":"https:\/\/e-mazzoni.it\/wp-content\/uploads\/2026\/04\/pasqua-ferie.png","articleSection":["News","Veranstaltungen"],"inLanguage":"de"},{"@type":"WebPage","@id":"https:\/\/e-mazzoni.it\/de\/osterferien-schliessung-2026\/","url":"https:\/\/e-mazzoni.it\/de\/osterferien-schliessung-2026\/","name":"Osterferien-Schlie\u00dfung 2026 - Mazzoni","isPartOf":{"@id":"https:\/\/e-mazzoni.it\/de\/#website"},"primaryImageOfPage":{"@id":"https:\/\/e-mazzoni.it\/de\/osterferien-schliessung-2026\/#primaryimage"},"image":{"@id":"https:\/\/e-mazzoni.it\/de\/osterferien-schliessung-2026\/#primaryimage"},"thumbnailUrl":"https:\/\/e-mazzoni.it\/wp-content\/uploads\/2026\/04\/pasqua-ferie.png","datePublished":"2026-04-02T12:41:16+00:00","dateModified":"2026-04-02T12:46:12+00:00","breadcrumb":{"@id":"https:\/\/e-mazzoni.it\/de\/osterferien-schliessung-2026\/#breadcrumb"},"inLanguage":"de","potentialAction":[{"@type":"ReadAction","target":["https:\/\/e-mazzoni.it\/de\/osterferien-schliessung-2026\/"]}]},{"@type":"ImageObject","inLanguage":"de","@id":"https:\/\/e-mazzoni.it\/de\/osterferien-schliessung-2026\/#primaryimage","url":"https:\/\/e-mazzoni.it\/wp-content\/uploads\/2026\/04\/pasqua-ferie.png","contentUrl":"https:\/\/e-mazzoni.it\/wp-content\/uploads\/2026\/04\/pasqua-ferie.png","width":1360,"height":768},{"@type":"BreadcrumbList","@id":"https:\/\/e-mazzoni.it\/de\/osterferien-schliessung-2026\/#breadcrumb","itemListElement":[{"@type":"ListItem","position":1,"name":"Home","item":"https:\/\/e-mazzoni.it\/de\/"},{"@type":"ListItem","position":2,"name":"Osterferien-Schlie\u00dfung 2026"}]},{"@type":"WebSite","@id":"https:\/\/e-mazzoni.it\/de\/#website","url":"https:\/\/e-mazzoni.it\/de\/","name":"Mazzoni","description":"Mazzoni","publisher":{"@id":"https:\/\/e-mazzoni.it\/de\/#organization"},"potentialAction":[{"@type":"SearchAction","target":{"@type":"EntryPoint","urlTemplate":"https:\/\/e-mazzoni.it\/de\/?s={search_term_string}"},"query-input":{"@type":"PropertyValueSpecification","valueRequired":true,"valueName":"search_term_string"}}],"inLanguage":"de"},{"@type":"Organization","@id":"https:\/\/e-mazzoni.it\/de\/#organization","name":"Mazzoni","url":"https:\/\/e-mazzoni.it\/de\/","logo":{"@type":"ImageObject","inLanguage":"de","@id":"https:\/\/e-mazzoni.it\/de\/#\/schema\/logo\/image\/","url":"https:\/\/e-mazzoni.it\/wp-content\/uploads\/2023\/07\/logo.png","contentUrl":"https:\/\/e-mazzoni.it\/wp-content\/uploads\/2023\/07\/logo.png","width":250,"height":109,"caption":"Mazzoni"},"image":{"@id":"https:\/\/e-mazzoni.it\/de\/#\/schema\/logo\/image\/"}},{"@type":"Person","@id":"https:\/\/e-mazzoni.it\/de\/#\/schema\/person\/212c317234caca5e597cd36e69c693e8","name":"Mazzoni","image":{"@type":"ImageObject","inLanguage":"de","@id":"https:\/\/secure.gravatar.com\/avatar\/e97460b47aab710db4039889fa011c449bf578ae910b993b75e3eb458539463b?s=96&d=mm&r=g","url":"https:\/\/secure.gravatar.com\/avatar\/e97460b47aab710db4039889fa011c449bf578ae910b993b75e3eb458539463b?s=96&d=mm&r=g","contentUrl":"https:\/\/secure.gravatar.com\/avatar\/e97460b47aab710db4039889fa011c449bf578ae910b993b75e3eb458539463b?s=96&d=mm&r=g","caption":"Mazzoni"},"url":"https:\/\/e-mazzoni.it\/de\/author\/mazzoni\/"}]}},"_links":{"self":[{"href":"https:\/\/e-mazzoni.it\/de\/wp-json\/wp\/v2\/posts\/66623","targetHints":{"allow":["GET"]}}],"collection":[{"href":"https:\/\/e-mazzoni.it\/de\/wp-json\/wp\/v2\/posts"}],"about":[{"href":"https:\/\/e-mazzoni.it\/de\/wp-json\/wp\/v2\/types\/post"}],"author":[{"embeddable":true,"href":"https:\/\/e-mazzoni.it\/de\/wp-json\/wp\/v2\/users\/4"}],"replies":[{"embeddable":true,"href":"https:\/\/e-mazzoni.it\/de\/wp-json\/wp\/v2\/comments?post=66623"}],"version-history":[{"count":1,"href":"https:\/\/e-mazzoni.it\/de\/wp-json\/wp\/v2\/posts\/66623\/revisions"}],"predecessor-version":[{"id":66624,"href":"https:\/\/e-mazzoni.it\/de\/wp-json\/wp\/v2\/posts\/66623\/revisions\/66624"}],"wp:featuredmedia":[{"embeddable":true,"href":"https:\/\/e-mazzoni.it\/de\/wp-json\/wp\/v2\/media\/66613"}],"wp:attachment":[{"href":"https:\/\/e-mazzoni.it\/de\/wp-json\/wp\/v2\/media?parent=66623"}],"wp:term":[{"taxonomy":"category","embeddable":true,"href":"https:\/\/e-mazzoni.it\/de\/wp-json\/wp\/v2\/categories?post=66623"},{"taxonomy":"post_tag","embeddable":true,"href":"https:\/\/e-mazzoni.it\/de\/wp-json\/wp\/v2\/tags?post=66623"}],"curies":[{"name":"wp","href":"https:\/\/api.w.org\/{rel}","templated":true}]}}