{"id":66500,"date":"2026-01-12T08:01:38","date_gmt":"2026-01-12T08:01:38","guid":{"rendered":"https:\/\/e-mazzoni.it\/kommerzieller-ton\/"},"modified":"2026-01-12T08:07:47","modified_gmt":"2026-01-12T08:07:47","slug":"kommerzieller-ton","status":"publish","type":"post","link":"https:\/\/e-mazzoni.it\/de\/kommerzieller-ton\/","title":{"rendered":"kommerzieller Ton"},"content":{"rendered":"\n<p>Gerne pr\u00e4sentieren wir Ihnen unseren Messekalender 2026.<\/p>\n\n<p>Das kommende Jahr bietet zahlreiche spannende Veranstaltungen \u2013 die perfekte Gelegenheit, uns pers\u00f6nlich zu treffen und unsere neuesten Produkte und Innovationen kennenzulernen.<\/p>\n\n<p>Den vollst\u00e4ndigen Kalender finden Sie im Anhang.<strong> Merken Sie sich schon jetzt die f\u00fcr Sie wichtigsten Termine vor un<\/strong>d planen Sie Ihren Besuch.<\/p>\n\n<p>Wir freuen uns darauf, Sie 2026 auf unseren Messest\u00e4nden begr\u00fc\u00dfen zu d\u00fcrfen!<\/p>\n\n<p>Mit freundlichen Gr\u00fc\u00dfen,<\/p>\n","protected":false},"excerpt":{"rendered":"<p>Gerne pr\u00e4sentieren wir Ihnen unseren Messekalender 2026. Das kommende Jahr bietet zahlreiche spannende Veranstaltungen \u2013 die perfekte Gelegenheit, uns pers\u00f6nlich zu treffen und unsere neuesten Produkte und Innovationen kennenzulernen. Den vollst\u00e4ndigen Kalender finden Sie im Anhang. Merken Sie sich schon jetzt die f\u00fcr Sie wichtigsten Termine vor und planen Sie Ihren Besuch. Wir freuen uns [&hellip;]<\/p>\n","protected":false},"author":4,"featured_media":66489,"comment_status":"closed","ping_status":"open","sticky":false,"template":"","format":"standard","meta":{"zakra_page_container_layout":"customizer","zakra_page_sidebar_layout":"customizer","zakra_remove_content_margin":false,"zakra_sidebar":"customizer","zakra_transparent_header":"customizer","zakra_logo":0,"zakra_main_header_style":"default","zakra_menu_item_color":"","zakra_menu_item_hover_color":"","zakra_menu_item_active_color":"","zakra_menu_active_style":"","zakra_page_header":true,"footnotes":""},"categories":[4021,705,4020],"tags":[],"class_list":["post-66500","post","type-post","status-publish","format-standard","has-post-thumbnail","hentry","category-news-de","category-unkategorisiert","category-veranstaltungen"],"yoast_head":"<!-- This site is optimized with the Yoast SEO plugin v27.5 - https:\/\/yoast.com\/product\/yoast-seo-wordpress\/ -->\n<title>kommerzieller Ton - Mazzoni<\/title>\n<meta name=\"robots\" content=\"index, follow, max-snippet:-1, max-image-preview:large, max-video-preview:-1\" \/>\n<link rel=\"canonical\" href=\"https:\/\/e-mazzoni.it\/de\/kommerzieller-ton\/\" \/>\n<meta property=\"og:locale\" content=\"de_DE\" \/>\n<meta property=\"og:type\" content=\"article\" \/>\n<meta property=\"og:title\" content=\"kommerzieller Ton - Mazzoni\" \/>\n<meta property=\"og:description\" content=\"Gerne pr\u00e4sentieren wir Ihnen unseren Messekalender 2026. Das kommende Jahr bietet zahlreiche spannende Veranstaltungen \u2013 die perfekte Gelegenheit, uns pers\u00f6nlich zu treffen und unsere neuesten Produkte und Innovationen kennenzulernen. Den vollst\u00e4ndigen Kalender finden Sie im Anhang. Merken Sie sich schon jetzt die f\u00fcr Sie wichtigsten Termine vor und planen Sie Ihren Besuch. Wir freuen uns [&hellip;]\" \/>\n<meta property=\"og:url\" content=\"https:\/\/e-mazzoni.it\/de\/kommerzieller-ton\/\" \/>\n<meta property=\"og:site_name\" content=\"Mazzoni\" \/>\n<meta property=\"article:published_time\" content=\"2026-01-12T08:01:38+00:00\" \/>\n<meta property=\"article:modified_time\" content=\"2026-01-12T08:07:47+00:00\" \/>\n<meta property=\"og:image\" content=\"https:\/\/e-mazzoni.it\/wp-content\/uploads\/2026\/01\/calendario-definitivo.png\" \/>\n\t<meta property=\"og:image:width\" content=\"600\" \/>\n\t<meta property=\"og:image:height\" content=\"338\" \/>\n\t<meta property=\"og:image:type\" content=\"image\/png\" \/>\n<meta name=\"author\" content=\"Mazzoni\" \/>\n<meta name=\"twitter:card\" content=\"summary_large_image\" \/>\n<meta name=\"twitter:label1\" content=\"Verfasst von\" \/>\n\t<meta name=\"twitter:data1\" content=\"Mazzoni\" \/>\n<!-- \/ Yoast SEO plugin. -->","yoast_head_json":{"title":"kommerzieller Ton - Mazzoni","robots":{"index":"index","follow":"follow","max-snippet":"max-snippet:-1","max-image-preview":"max-image-preview:large","max-video-preview":"max-video-preview:-1"},"canonical":"https:\/\/e-mazzoni.it\/de\/kommerzieller-ton\/","og_locale":"de_DE","og_type":"article","og_title":"kommerzieller Ton - Mazzoni","og_description":"Gerne pr\u00e4sentieren wir Ihnen unseren Messekalender 2026. Das kommende Jahr bietet zahlreiche spannende Veranstaltungen \u2013 die perfekte Gelegenheit, uns pers\u00f6nlich zu treffen und unsere neuesten Produkte und Innovationen kennenzulernen. Den vollst\u00e4ndigen Kalender finden Sie im Anhang. Merken Sie sich schon jetzt die f\u00fcr Sie wichtigsten Termine vor und planen Sie Ihren Besuch. Wir freuen uns [&hellip;]","og_url":"https:\/\/e-mazzoni.it\/de\/kommerzieller-ton\/","og_site_name":"Mazzoni","article_published_time":"2026-01-12T08:01:38+00:00","article_modified_time":"2026-01-12T08:07:47+00:00","og_image":[{"width":600,"height":338,"url":"https:\/\/e-mazzoni.it\/wp-content\/uploads\/2026\/01\/calendario-definitivo.png","type":"image\/png"}],"author":"Mazzoni","twitter_card":"summary_large_image","twitter_misc":{"Verfasst von":"Mazzoni"},"schema":{"@context":"https:\/\/schema.org","@graph":[{"@type":["Article","BlogPosting"],"@id":"https:\/\/e-mazzoni.it\/de\/kommerzieller-ton\/#article","isPartOf":{"@id":"https:\/\/e-mazzoni.it\/de\/kommerzieller-ton\/"},"author":{"name":"Mazzoni","@id":"https:\/\/e-mazzoni.it\/de\/#\/schema\/person\/212c317234caca5e597cd36e69c693e8"},"headline":"kommerzieller Ton","datePublished":"2026-01-12T08:01:38+00:00","dateModified":"2026-01-12T08:07:47+00:00","mainEntityOfPage":{"@id":"https:\/\/e-mazzoni.it\/de\/kommerzieller-ton\/"},"wordCount":74,"publisher":{"@id":"https:\/\/e-mazzoni.it\/de\/#organization"},"image":{"@id":"https:\/\/e-mazzoni.it\/de\/kommerzieller-ton\/#primaryimage"},"thumbnailUrl":"https:\/\/e-mazzoni.it\/wp-content\/uploads\/2026\/01\/calendario-definitivo.png","articleSection":["News","Unkategorisiert","Veranstaltungen"],"inLanguage":"de"},{"@type":"WebPage","@id":"https:\/\/e-mazzoni.it\/de\/kommerzieller-ton\/","url":"https:\/\/e-mazzoni.it\/de\/kommerzieller-ton\/","name":"kommerzieller Ton - Mazzoni","isPartOf":{"@id":"https:\/\/e-mazzoni.it\/de\/#website"},"primaryImageOfPage":{"@id":"https:\/\/e-mazzoni.it\/de\/kommerzieller-ton\/#primaryimage"},"image":{"@id":"https:\/\/e-mazzoni.it\/de\/kommerzieller-ton\/#primaryimage"},"thumbnailUrl":"https:\/\/e-mazzoni.it\/wp-content\/uploads\/2026\/01\/calendario-definitivo.png","datePublished":"2026-01-12T08:01:38+00:00","dateModified":"2026-01-12T08:07:47+00:00","breadcrumb":{"@id":"https:\/\/e-mazzoni.it\/de\/kommerzieller-ton\/#breadcrumb"},"inLanguage":"de","potentialAction":[{"@type":"ReadAction","target":["https:\/\/e-mazzoni.it\/de\/kommerzieller-ton\/"]}]},{"@type":"ImageObject","inLanguage":"de","@id":"https:\/\/e-mazzoni.it\/de\/kommerzieller-ton\/#primaryimage","url":"https:\/\/e-mazzoni.it\/wp-content\/uploads\/2026\/01\/calendario-definitivo.png","contentUrl":"https:\/\/e-mazzoni.it\/wp-content\/uploads\/2026\/01\/calendario-definitivo.png","width":600,"height":338},{"@type":"BreadcrumbList","@id":"https:\/\/e-mazzoni.it\/de\/kommerzieller-ton\/#breadcrumb","itemListElement":[{"@type":"ListItem","position":1,"name":"Home","item":"https:\/\/e-mazzoni.it\/de\/"},{"@type":"ListItem","position":2,"name":"kommerzieller Ton"}]},{"@type":"WebSite","@id":"https:\/\/e-mazzoni.it\/de\/#website","url":"https:\/\/e-mazzoni.it\/de\/","name":"Mazzoni","description":"Mazzoni","publisher":{"@id":"https:\/\/e-mazzoni.it\/de\/#organization"},"potentialAction":[{"@type":"SearchAction","target":{"@type":"EntryPoint","urlTemplate":"https:\/\/e-mazzoni.it\/de\/?s={search_term_string}"},"query-input":{"@type":"PropertyValueSpecification","valueRequired":true,"valueName":"search_term_string"}}],"inLanguage":"de"},{"@type":"Organization","@id":"https:\/\/e-mazzoni.it\/de\/#organization","name":"Mazzoni","url":"https:\/\/e-mazzoni.it\/de\/","logo":{"@type":"ImageObject","inLanguage":"de","@id":"https:\/\/e-mazzoni.it\/de\/#\/schema\/logo\/image\/","url":"https:\/\/e-mazzoni.it\/wp-content\/uploads\/2023\/07\/logo.png","contentUrl":"https:\/\/e-mazzoni.it\/wp-content\/uploads\/2023\/07\/logo.png","width":250,"height":109,"caption":"Mazzoni"},"image":{"@id":"https:\/\/e-mazzoni.it\/de\/#\/schema\/logo\/image\/"}},{"@type":"Person","@id":"https:\/\/e-mazzoni.it\/de\/#\/schema\/person\/212c317234caca5e597cd36e69c693e8","name":"Mazzoni","image":{"@type":"ImageObject","inLanguage":"de","@id":"https:\/\/secure.gravatar.com\/avatar\/e97460b47aab710db4039889fa011c449bf578ae910b993b75e3eb458539463b?s=96&d=mm&r=g","url":"https:\/\/secure.gravatar.com\/avatar\/e97460b47aab710db4039889fa011c449bf578ae910b993b75e3eb458539463b?s=96&d=mm&r=g","contentUrl":"https:\/\/secure.gravatar.com\/avatar\/e97460b47aab710db4039889fa011c449bf578ae910b993b75e3eb458539463b?s=96&d=mm&r=g","caption":"Mazzoni"},"url":"https:\/\/e-mazzoni.it\/de\/author\/mazzoni\/"}]}},"_links":{"self":[{"href":"https:\/\/e-mazzoni.it\/de\/wp-json\/wp\/v2\/posts\/66500","targetHints":{"allow":["GET"]}}],"collection":[{"href":"https:\/\/e-mazzoni.it\/de\/wp-json\/wp\/v2\/posts"}],"about":[{"href":"https:\/\/e-mazzoni.it\/de\/wp-json\/wp\/v2\/types\/post"}],"author":[{"embeddable":true,"href":"https:\/\/e-mazzoni.it\/de\/wp-json\/wp\/v2\/users\/4"}],"replies":[{"embeddable":true,"href":"https:\/\/e-mazzoni.it\/de\/wp-json\/wp\/v2\/comments?post=66500"}],"version-history":[{"count":1,"href":"https:\/\/e-mazzoni.it\/de\/wp-json\/wp\/v2\/posts\/66500\/revisions"}],"predecessor-version":[{"id":66501,"href":"https:\/\/e-mazzoni.it\/de\/wp-json\/wp\/v2\/posts\/66500\/revisions\/66501"}],"wp:featuredmedia":[{"embeddable":true,"href":"https:\/\/e-mazzoni.it\/de\/wp-json\/wp\/v2\/media\/66489"}],"wp:attachment":[{"href":"https:\/\/e-mazzoni.it\/de\/wp-json\/wp\/v2\/media?parent=66500"}],"wp:term":[{"taxonomy":"category","embeddable":true,"href":"https:\/\/e-mazzoni.it\/de\/wp-json\/wp\/v2\/categories?post=66500"},{"taxonomy":"post_tag","embeddable":true,"href":"https:\/\/e-mazzoni.it\/de\/wp-json\/wp\/v2\/tags?post=66500"}],"curies":[{"name":"wp","href":"https:\/\/api.w.org\/{rel}","templated":true}]}}