{"id":65260,"date":"2025-09-29T07:25:02","date_gmt":"2025-09-29T07:25:02","guid":{"rendered":"https:\/\/e-mazzoni.it\/aktualisierter-messekalender-sehen-sie-wo-sie-uns-treffen-koennen\/"},"modified":"2025-09-29T07:30:13","modified_gmt":"2025-09-29T07:30:13","slug":"aktualisierter-messekalender-sehen-sie-wo-sie-uns-treffen-koennen","status":"publish","type":"post","link":"https:\/\/e-mazzoni.it\/de\/aktualisierter-messekalender-sehen-sie-wo-sie-uns-treffen-koennen\/","title":{"rendered":"Aktualisierter Messekalender \u2013 Sehen Sie, wo Sie uns treffen k\u00f6nnen!"},"content":{"rendered":"\n<p>Unser<strong> Messekalender wurde <\/strong>aktualisiert!<br\/>Sie k\u00f6nnen jetzt alle kommenden Messen und Veranstaltungen einsehen, an denen wir teilnehmen werden.<\/p>\n\n<p>\ud83d\udc49 <strong>Den aktualisierten Kalender finden Sie im Bild oben!<\/strong><\/p>\n\n<p>Wir freuen uns darauf, Sie pers\u00f6nlich zu treffen, uns auszutauschen und gemeinsam neue Chancen zu entdecken.<\/p>\n\n<p><strong>Bis bald!<\/strong><br\/>Beste gr\u00fc\u00dfe,<\/p>\n","protected":false},"excerpt":{"rendered":"<p>Unser Messekalender wurde aktualisiert!Sie k\u00f6nnen jetzt alle kommenden Messen und Veranstaltungen einsehen, an denen wir teilnehmen werden. \ud83d\udc49 Den aktualisierten Kalender finden Sie im Bild oben! Wir freuen uns darauf, Sie pers\u00f6nlich zu treffen, uns auszutauschen und gemeinsam neue Chancen zu entdecken. Bis bald!Beste gr\u00fc\u00dfe,<\/p>\n","protected":false},"author":4,"featured_media":65250,"comment_status":"closed","ping_status":"open","sticky":false,"template":"","format":"standard","meta":{"zakra_page_container_layout":"customizer","zakra_page_sidebar_layout":"customizer","zakra_remove_content_margin":false,"zakra_sidebar":"customizer","zakra_transparent_header":"customizer","zakra_logo":0,"zakra_main_header_style":"default","zakra_menu_item_color":"","zakra_menu_item_hover_color":"","zakra_menu_item_active_color":"","zakra_menu_active_style":"","zakra_page_header":true,"footnotes":""},"categories":[705],"tags":[],"class_list":["post-65260","post","type-post","status-publish","format-standard","has-post-thumbnail","hentry","category-unkategorisiert"],"yoast_head":"<!-- This site is optimized with the Yoast SEO plugin v27.5 - https:\/\/yoast.com\/product\/yoast-seo-wordpress\/ -->\n<title>Aktualisierter Messekalender \u2013 Sehen Sie, wo Sie uns treffen k\u00f6nnen! - Mazzoni<\/title>\n<meta name=\"robots\" content=\"index, follow, max-snippet:-1, max-image-preview:large, max-video-preview:-1\" \/>\n<link rel=\"canonical\" href=\"https:\/\/e-mazzoni.it\/de\/aktualisierter-messekalender-sehen-sie-wo-sie-uns-treffen-koennen\/\" \/>\n<meta property=\"og:locale\" content=\"de_DE\" \/>\n<meta property=\"og:type\" content=\"article\" \/>\n<meta property=\"og:title\" content=\"Aktualisierter Messekalender \u2013 Sehen Sie, wo Sie uns treffen k\u00f6nnen! - Mazzoni\" \/>\n<meta property=\"og:description\" content=\"Unser Messekalender wurde aktualisiert!Sie k\u00f6nnen jetzt alle kommenden Messen und Veranstaltungen einsehen, an denen wir teilnehmen werden. \ud83d\udc49 Den aktualisierten Kalender finden Sie im Bild oben! Wir freuen uns darauf, Sie pers\u00f6nlich zu treffen, uns auszutauschen und gemeinsam neue Chancen zu entdecken. Bis bald!Beste gr\u00fc\u00dfe,\" \/>\n<meta property=\"og:url\" content=\"https:\/\/e-mazzoni.it\/de\/aktualisierter-messekalender-sehen-sie-wo-sie-uns-treffen-koennen\/\" \/>\n<meta property=\"og:site_name\" content=\"Mazzoni\" \/>\n<meta property=\"article:published_time\" content=\"2025-09-29T07:25:02+00:00\" \/>\n<meta property=\"article:modified_time\" content=\"2025-09-29T07:30:13+00:00\" \/>\n<meta property=\"og:image\" content=\"https:\/\/e-mazzoni.it\/wp-content\/uploads\/2025\/09\/CALENDARIO-AGGIORNATO-CON-FIERE-07.08.jpg\" \/>\n\t<meta property=\"og:image:width\" content=\"1080\" \/>\n\t<meta property=\"og:image:height\" content=\"1080\" \/>\n\t<meta property=\"og:image:type\" content=\"image\/jpeg\" \/>\n<meta name=\"author\" content=\"Mazzoni\" \/>\n<meta name=\"twitter:card\" content=\"summary_large_image\" \/>\n<meta name=\"twitter:label1\" content=\"Verfasst von\" \/>\n\t<meta name=\"twitter:data1\" content=\"Mazzoni\" \/>\n<!-- \/ Yoast SEO plugin. -->","yoast_head_json":{"title":"Aktualisierter Messekalender \u2013 Sehen Sie, wo Sie uns treffen k\u00f6nnen! - Mazzoni","robots":{"index":"index","follow":"follow","max-snippet":"max-snippet:-1","max-image-preview":"max-image-preview:large","max-video-preview":"max-video-preview:-1"},"canonical":"https:\/\/e-mazzoni.it\/de\/aktualisierter-messekalender-sehen-sie-wo-sie-uns-treffen-koennen\/","og_locale":"de_DE","og_type":"article","og_title":"Aktualisierter Messekalender \u2013 Sehen Sie, wo Sie uns treffen k\u00f6nnen! - Mazzoni","og_description":"Unser Messekalender wurde aktualisiert!Sie k\u00f6nnen jetzt alle kommenden Messen und Veranstaltungen einsehen, an denen wir teilnehmen werden. \ud83d\udc49 Den aktualisierten Kalender finden Sie im Bild oben! Wir freuen uns darauf, Sie pers\u00f6nlich zu treffen, uns auszutauschen und gemeinsam neue Chancen zu entdecken. Bis bald!Beste gr\u00fc\u00dfe,","og_url":"https:\/\/e-mazzoni.it\/de\/aktualisierter-messekalender-sehen-sie-wo-sie-uns-treffen-koennen\/","og_site_name":"Mazzoni","article_published_time":"2025-09-29T07:25:02+00:00","article_modified_time":"2025-09-29T07:30:13+00:00","og_image":[{"width":1080,"height":1080,"url":"https:\/\/e-mazzoni.it\/wp-content\/uploads\/2025\/09\/CALENDARIO-AGGIORNATO-CON-FIERE-07.08.jpg","type":"image\/jpeg"}],"author":"Mazzoni","twitter_card":"summary_large_image","twitter_misc":{"Verfasst von":"Mazzoni"},"schema":{"@context":"https:\/\/schema.org","@graph":[{"@type":["Article","BlogPosting"],"@id":"https:\/\/e-mazzoni.it\/de\/aktualisierter-messekalender-sehen-sie-wo-sie-uns-treffen-koennen\/#article","isPartOf":{"@id":"https:\/\/e-mazzoni.it\/de\/aktualisierter-messekalender-sehen-sie-wo-sie-uns-treffen-koennen\/"},"author":{"name":"Mazzoni","@id":"https:\/\/e-mazzoni.it\/de\/#\/schema\/person\/212c317234caca5e597cd36e69c693e8"},"headline":"Aktualisierter Messekalender \u2013 Sehen Sie, wo Sie uns treffen k\u00f6nnen!","datePublished":"2025-09-29T07:25:02+00:00","dateModified":"2025-09-29T07:30:13+00:00","mainEntityOfPage":{"@id":"https:\/\/e-mazzoni.it\/de\/aktualisierter-messekalender-sehen-sie-wo-sie-uns-treffen-koennen\/"},"wordCount":59,"publisher":{"@id":"https:\/\/e-mazzoni.it\/de\/#organization"},"image":{"@id":"https:\/\/e-mazzoni.it\/de\/aktualisierter-messekalender-sehen-sie-wo-sie-uns-treffen-koennen\/#primaryimage"},"thumbnailUrl":"https:\/\/e-mazzoni.it\/wp-content\/uploads\/2025\/09\/CALENDARIO-AGGIORNATO-CON-FIERE-07.08.jpg","articleSection":["Unkategorisiert"],"inLanguage":"de"},{"@type":"WebPage","@id":"https:\/\/e-mazzoni.it\/de\/aktualisierter-messekalender-sehen-sie-wo-sie-uns-treffen-koennen\/","url":"https:\/\/e-mazzoni.it\/de\/aktualisierter-messekalender-sehen-sie-wo-sie-uns-treffen-koennen\/","name":"Aktualisierter Messekalender \u2013 Sehen Sie, wo Sie uns treffen k\u00f6nnen! - Mazzoni","isPartOf":{"@id":"https:\/\/e-mazzoni.it\/de\/#website"},"primaryImageOfPage":{"@id":"https:\/\/e-mazzoni.it\/de\/aktualisierter-messekalender-sehen-sie-wo-sie-uns-treffen-koennen\/#primaryimage"},"image":{"@id":"https:\/\/e-mazzoni.it\/de\/aktualisierter-messekalender-sehen-sie-wo-sie-uns-treffen-koennen\/#primaryimage"},"thumbnailUrl":"https:\/\/e-mazzoni.it\/wp-content\/uploads\/2025\/09\/CALENDARIO-AGGIORNATO-CON-FIERE-07.08.jpg","datePublished":"2025-09-29T07:25:02+00:00","dateModified":"2025-09-29T07:30:13+00:00","breadcrumb":{"@id":"https:\/\/e-mazzoni.it\/de\/aktualisierter-messekalender-sehen-sie-wo-sie-uns-treffen-koennen\/#breadcrumb"},"inLanguage":"de","potentialAction":[{"@type":"ReadAction","target":["https:\/\/e-mazzoni.it\/de\/aktualisierter-messekalender-sehen-sie-wo-sie-uns-treffen-koennen\/"]}]},{"@type":"ImageObject","inLanguage":"de","@id":"https:\/\/e-mazzoni.it\/de\/aktualisierter-messekalender-sehen-sie-wo-sie-uns-treffen-koennen\/#primaryimage","url":"https:\/\/e-mazzoni.it\/wp-content\/uploads\/2025\/09\/CALENDARIO-AGGIORNATO-CON-FIERE-07.08.jpg","contentUrl":"https:\/\/e-mazzoni.it\/wp-content\/uploads\/2025\/09\/CALENDARIO-AGGIORNATO-CON-FIERE-07.08.jpg","width":1080,"height":1080},{"@type":"BreadcrumbList","@id":"https:\/\/e-mazzoni.it\/de\/aktualisierter-messekalender-sehen-sie-wo-sie-uns-treffen-koennen\/#breadcrumb","itemListElement":[{"@type":"ListItem","position":1,"name":"Home","item":"https:\/\/e-mazzoni.it\/de\/"},{"@type":"ListItem","position":2,"name":"Aktualisierter Messekalender \u2013 Sehen Sie, wo Sie uns treffen k\u00f6nnen!"}]},{"@type":"WebSite","@id":"https:\/\/e-mazzoni.it\/de\/#website","url":"https:\/\/e-mazzoni.it\/de\/","name":"Mazzoni","description":"Mazzoni","publisher":{"@id":"https:\/\/e-mazzoni.it\/de\/#organization"},"potentialAction":[{"@type":"SearchAction","target":{"@type":"EntryPoint","urlTemplate":"https:\/\/e-mazzoni.it\/de\/?s={search_term_string}"},"query-input":{"@type":"PropertyValueSpecification","valueRequired":true,"valueName":"search_term_string"}}],"inLanguage":"de"},{"@type":"Organization","@id":"https:\/\/e-mazzoni.it\/de\/#organization","name":"Mazzoni","url":"https:\/\/e-mazzoni.it\/de\/","logo":{"@type":"ImageObject","inLanguage":"de","@id":"https:\/\/e-mazzoni.it\/de\/#\/schema\/logo\/image\/","url":"https:\/\/e-mazzoni.it\/wp-content\/uploads\/2023\/07\/logo.png","contentUrl":"https:\/\/e-mazzoni.it\/wp-content\/uploads\/2023\/07\/logo.png","width":250,"height":109,"caption":"Mazzoni"},"image":{"@id":"https:\/\/e-mazzoni.it\/de\/#\/schema\/logo\/image\/"}},{"@type":"Person","@id":"https:\/\/e-mazzoni.it\/de\/#\/schema\/person\/212c317234caca5e597cd36e69c693e8","name":"Mazzoni","image":{"@type":"ImageObject","inLanguage":"de","@id":"https:\/\/secure.gravatar.com\/avatar\/e97460b47aab710db4039889fa011c449bf578ae910b993b75e3eb458539463b?s=96&d=mm&r=g","url":"https:\/\/secure.gravatar.com\/avatar\/e97460b47aab710db4039889fa011c449bf578ae910b993b75e3eb458539463b?s=96&d=mm&r=g","contentUrl":"https:\/\/secure.gravatar.com\/avatar\/e97460b47aab710db4039889fa011c449bf578ae910b993b75e3eb458539463b?s=96&d=mm&r=g","caption":"Mazzoni"},"url":"https:\/\/e-mazzoni.it\/de\/author\/mazzoni\/"}]}},"_links":{"self":[{"href":"https:\/\/e-mazzoni.it\/de\/wp-json\/wp\/v2\/posts\/65260","targetHints":{"allow":["GET"]}}],"collection":[{"href":"https:\/\/e-mazzoni.it\/de\/wp-json\/wp\/v2\/posts"}],"about":[{"href":"https:\/\/e-mazzoni.it\/de\/wp-json\/wp\/v2\/types\/post"}],"author":[{"embeddable":true,"href":"https:\/\/e-mazzoni.it\/de\/wp-json\/wp\/v2\/users\/4"}],"replies":[{"embeddable":true,"href":"https:\/\/e-mazzoni.it\/de\/wp-json\/wp\/v2\/comments?post=65260"}],"version-history":[{"count":1,"href":"https:\/\/e-mazzoni.it\/de\/wp-json\/wp\/v2\/posts\/65260\/revisions"}],"predecessor-version":[{"id":65261,"href":"https:\/\/e-mazzoni.it\/de\/wp-json\/wp\/v2\/posts\/65260\/revisions\/65261"}],"wp:featuredmedia":[{"embeddable":true,"href":"https:\/\/e-mazzoni.it\/de\/wp-json\/wp\/v2\/media\/65250"}],"wp:attachment":[{"href":"https:\/\/e-mazzoni.it\/de\/wp-json\/wp\/v2\/media?parent=65260"}],"wp:term":[{"taxonomy":"category","embeddable":true,"href":"https:\/\/e-mazzoni.it\/de\/wp-json\/wp\/v2\/categories?post=65260"},{"taxonomy":"post_tag","embeddable":true,"href":"https:\/\/e-mazzoni.it\/de\/wp-json\/wp\/v2\/tags?post=65260"}],"curies":[{"name":"wp","href":"https:\/\/api.w.org\/{rel}","templated":true}]}}